{"id":63591,"date":"2025-10-24T12:55:39","date_gmt":"2025-10-24T09:55:39","guid":{"rendered":"https:\/\/www.egemtv.com\/?p=63591"},"modified":"2025-10-24T12:55:40","modified_gmt":"2025-10-24T09:55:40","slug":"bozkurt-anadolu-imam-hatip-lisesi-ogrencileri-gazzeye-destek-amaciyla-panayir-duzenledi","status":"publish","type":"post","link":"https:\/\/www.egemtv.com\/?p=63591","title":{"rendered":"Bozkurt Anadolu \u0130mam Hatip Lisesi \u00f6\u011frencileri, Gazze\u2019ye destek amac\u0131yla panay\u0131r d\u00fczenledi"},"content":{"rendered":"<p>Denizli\u2019nin Bozkurt il\u00e7esinde bulunan Bozkurt Anadolu \u0130mam Hatip Lisesi \u00f6\u011frencileri, Gazze\u2019ye destek amac\u0131yla anlaml\u0131 bir panay\u0131r d\u00fczenledi.<\/p>\n<p>Denizli\u2019nin Bozkurt il\u00e7esinde bulunan Bozkurt Anadolu \u0130mam Hatip Lisesi \u00f6\u011frencileri, Gazze\u2019ye destek amac\u0131yla anlaml\u0131 bir panay\u0131r d\u00fczenledi. Okul bah\u00e7esinde ger\u00e7ekle\u015ftirilen etkinlikte, \u00f6\u011frenciler ve \u00f6\u011fretmenler taraf\u0131ndan haz\u0131rlanan \u00e7e\u015fitli yiyecek ve el eme\u011fi \u00fcr\u00fcnler sat\u0131\u015fa sunuldu. Panay\u0131ra \u00e7evredeki di\u011fer okullardan da \u00f6\u011frenciler, \u00f6\u011fretmenler ve vatanda\u015flar yo\u011fun ilgi g\u00f6sterdi. Etkinlik, sabah\u0131n erken saatlerinden itibaren kalabal\u0131k bir kat\u0131l\u0131mla ba\u015flad\u0131. Okul idaresi, destek veren t\u00fcm kat\u0131l\u0131mc\u0131lara te\u015fekk\u00fcr etti.<br \/><\/p>\n","protected":false},"excerpt":{"rendered":"<p>Denizli\u2019nin Bozkurt il\u00e7esinde bulunan Bozkurt Anadolu \u0130mam Hatip Lisesi \u00f6\u011frencileri, Gazze\u2019ye destek amac\u0131yla anlaml\u0131 bir panay\u0131r d\u00fczenledi. Denizli\u2019nin Bozkurt il\u00e7esinde bulunan Bozkurt Anadolu \u0130mam Hatip Lisesi \u00f6\u011frencileri, Gazze\u2019ye destek amac\u0131yla anlaml\u0131 bir panay\u0131r d\u00fczenledi. Okul bah\u00e7esinde ger\u00e7ekle\u015ftirilen etkinlikte, \u00f6\u011frenciler ve \u00f6\u011fretmenler taraf\u0131ndan haz\u0131rlanan \u00e7e\u015fitli yiyecek ve el eme\u011fi \u00fcr\u00fcnler sat\u0131\u015fa sunuldu. Panay\u0131ra \u00e7evredeki di\u011fer okullardan&#8230;<\/p>\n","protected":false},"author":1,"featured_media":63592,"comment_status":"open","ping_status":"open","sticky":false,"template":"","format":"standard","meta":{"_crdt_document":"","footnotes":""},"categories":[123],"tags":[],"class_list":["post-63591","post","type-post","status-publish","format-standard","has-post-thumbnail","hentry","category-gundem"],"_links":{"self":[{"href":"https:\/\/www.egemtv.com\/index.php?rest_route=\/wp\/v2\/posts\/63591","targetHints":{"allow":["GET"]}}],"collection":[{"href":"https:\/\/www.egemtv.com\/index.php?rest_route=\/wp\/v2\/posts"}],"about":[{"href":"https:\/\/www.egemtv.com\/index.php?rest_route=\/wp\/v2\/types\/post"}],"author":[{"embeddable":true,"href":"https:\/\/www.egemtv.com\/index.php?rest_route=\/wp\/v2\/users\/1"}],"replies":[{"embeddable":true,"href":"https:\/\/www.egemtv.com\/index.php?rest_route=%2Fwp%2Fv2%2Fcomments&post=63591"}],"version-history":[{"count":1,"href":"https:\/\/www.egemtv.com\/index.php?rest_route=\/wp\/v2\/posts\/63591\/revisions"}],"predecessor-version":[{"id":63593,"href":"https:\/\/www.egemtv.com\/index.php?rest_route=\/wp\/v2\/posts\/63591\/revisions\/63593"}],"wp:featuredmedia":[{"embeddable":true,"href":"https:\/\/www.egemtv.com\/index.php?rest_route=\/wp\/v2\/media\/63592"}],"wp:attachment":[{"href":"https:\/\/www.egemtv.com\/index.php?rest_route=%2Fwp%2Fv2%2Fmedia&parent=63591"}],"wp:term":[{"taxonomy":"category","embeddable":true,"href":"https:\/\/www.egemtv.com\/index.php?rest_route=%2Fwp%2Fv2%2Fcategories&post=63591"},{"taxonomy":"post_tag","embeddable":true,"href":"https:\/\/www.egemtv.com\/index.php?rest_route=%2Fwp%2Fv2%2Ftags&post=63591"}],"curies":[{"name":"wp","href":"https:\/\/api.w.org\/{rel}","templated":true}]}}