{"id":63588,"date":"2025-10-24T12:35:21","date_gmt":"2025-10-24T09:35:21","guid":{"rendered":"https:\/\/www.egemtv.com\/?p=63588"},"modified":"2025-10-24T12:35:22","modified_gmt":"2025-10-24T09:35:22","slug":"turkiyenin-milli-meyvesi-incir-bu-yil-ureticisine-tat-vermedi","status":"publish","type":"post","link":"https:\/\/www.egemtv.com\/?p=63588","title":{"rendered":"T\u00fcrkiye\u2019nin milli meyvesi incir, bu y\u0131l \u00fcreticisine tat vermedi"},"content":{"rendered":"<p>T\u00fcrkiye\u2019nin milli meyvesi olarak adland\u0131r\u0131lan ve co\u011frafi i\u015faret tesciline sahip kuru incir bu y\u0131l \u00fcreticinin elinde kald\u0131. Sorunun her ge\u00e7en g\u00fcn artarak devam etti\u011fini belirten Ayd\u0131n Ziraat Odas\u0131 Ba\u015fkan\u0131 Mehmet Kendirlio\u011flu, ihracatta ya\u015fanan s\u0131k\u0131nt\u0131lar\u0131n faturas\u0131n\u0131n adeta \u00fcreticiye kesildi\u011fini belirtti.<br \/>\n<br \/>\u0130ncirle ilgili s\u0131k\u0131nt\u0131n\u0131n had safhada oldu\u011funu belirten Ayd\u0131n Ziraat Odas\u0131 Ba\u015fkan \u0131 Mehmet Kendirlio\u011flu, &#8220;Burada fiyattan ziyade t\u00fcccar ve ihracat\u00e7\u0131lar\u0131n mal\u0131 almamas\u0131 s\u0131k\u0131nt\u0131s\u0131 var. \u015eu anda \u00fcretimin y\u00fczde 60 civar\u0131 \u00fcreticinin elinde.  15 Ekimde ilk y\u00fckleme tarihi \u00e7ok s\u0131k\u0131nt\u0131l\u0131 bir tarih olarak a\u00e7\u0131kland\u0131. Bunu \u00e7ok itiraz etmemize ra\u011fmen maalesef 15 Ekim tarihini de\u011fi\u015ftiremedik. \u00c7\u00fcnk\u00fc ilk y\u00fckleme tarihi ne kadar ge\u00e7 olursa incirin m\u00fcstahsilden fabrikaya ihracat\u00e7\u0131ya gitmesi de bu kadar gecikiyor. Bu arada \u00fcretici ucuz fiyata mal\u0131 satmak zorunda kal\u0131yor. Bu durumlar\u0131 anlatt\u0131k ama kimse dinlemedi. \u0130ncir\u2019de sorun b\u00fcy\u00fck&#8221; dedi.<br \/>\n<br \/>&#8220;\u00dcr\u00fcn\u00fc alan yok&#8221;<br \/>\n<br \/>Ge\u00e7en y\u0131llarda ekonomik s\u0131k\u0131nt\u0131s\u0131 olan\u0131n incirini ucuz da olsa sat\u0131p i\u015fini g\u00f6rd\u00fc\u011f\u00fcn\u00fc ancak bu y\u0131l ucuza vermek isteyenin de mal\u0131n\u0131 almad\u0131klar\u0131n\u0131 kaydeden Ba\u015fkan Kendirlio\u011flu, &#8220;Bu sene \u00e7ift\u00e7i \u00fcr\u00fcn\u00fcn\u00fc ucuza bile vermek istese maalesef al\u0131c\u0131s\u0131 yok. Bunun en b\u00fcy\u00fck sebebi ihracatta ya\u015fanan s\u0131k\u0131nt\u0131lar. Aflatoksin nedeniyle AB\u2019ye mal\u0131n gitmedi\u011fi ileri s\u00fcr\u00fcl\u00fcyor. Di\u011fer \u00fclke al\u0131c\u0131lar\u0131 da fiyatlar\u0131 d\u00fc\u015f\u00fcrmek istiyor.  Konuyla ilgili ba\u015fta Ayd\u0131n milletvekillerimiz olmak \u00fczere ilgili bakanl\u0131klara bilgiler verdi. Sorunun bir an \u00f6nce \u00e7\u00f6z\u00fclmesini bekliyoruz&#8221; dedi.<br \/><\/p>\n","protected":false},"excerpt":{"rendered":"<p>T\u00fcrkiye\u2019nin milli meyvesi olarak adland\u0131r\u0131lan ve co\u011frafi i\u015faret tesciline sahip kuru incir bu y\u0131l \u00fcreticinin elinde kald\u0131. Sorunun her ge\u00e7en g\u00fcn artarak devam etti\u011fini belirten Ayd\u0131n Ziraat Odas\u0131 Ba\u015fkan\u0131 Mehmet Kendirlio\u011flu, ihracatta ya\u015fanan s\u0131k\u0131nt\u0131lar\u0131n faturas\u0131n\u0131n adeta \u00fcreticiye kesildi\u011fini belirtti. \u0130ncirle ilgili s\u0131k\u0131nt\u0131n\u0131n had safhada oldu\u011funu belirten Ayd\u0131n Ziraat Odas\u0131 Ba\u015fkan \u0131 Mehmet Kendirlio\u011flu, &#8220;Burada fiyattan&#8230;<\/p>\n","protected":false},"author":1,"featured_media":63589,"comment_status":"open","ping_status":"open","sticky":false,"template":"","format":"standard","meta":{"_crdt_document":"","footnotes":""},"categories":[125],"tags":[],"class_list":["post-63588","post","type-post","status-publish","format-standard","has-post-thumbnail","hentry","category-ekonomi"],"_links":{"self":[{"href":"https:\/\/www.egemtv.com\/index.php?rest_route=\/wp\/v2\/posts\/63588","targetHints":{"allow":["GET"]}}],"collection":[{"href":"https:\/\/www.egemtv.com\/index.php?rest_route=\/wp\/v2\/posts"}],"about":[{"href":"https:\/\/www.egemtv.com\/index.php?rest_route=\/wp\/v2\/types\/post"}],"author":[{"embeddable":true,"href":"https:\/\/www.egemtv.com\/index.php?rest_route=\/wp\/v2\/users\/1"}],"replies":[{"embeddable":true,"href":"https:\/\/www.egemtv.com\/index.php?rest_route=%2Fwp%2Fv2%2Fcomments&post=63588"}],"version-history":[{"count":1,"href":"https:\/\/www.egemtv.com\/index.php?rest_route=\/wp\/v2\/posts\/63588\/revisions"}],"predecessor-version":[{"id":63590,"href":"https:\/\/www.egemtv.com\/index.php?rest_route=\/wp\/v2\/posts\/63588\/revisions\/63590"}],"wp:featuredmedia":[{"embeddable":true,"href":"https:\/\/www.egemtv.com\/index.php?rest_route=\/wp\/v2\/media\/63589"}],"wp:attachment":[{"href":"https:\/\/www.egemtv.com\/index.php?rest_route=%2Fwp%2Fv2%2Fmedia&parent=63588"}],"wp:term":[{"taxonomy":"category","embeddable":true,"href":"https:\/\/www.egemtv.com\/index.php?rest_route=%2Fwp%2Fv2%2Fcategories&post=63588"},{"taxonomy":"post_tag","embeddable":true,"href":"https:\/\/www.egemtv.com\/index.php?rest_route=%2Fwp%2Fv2%2Ftags&post=63588"}],"curies":[{"name":"wp","href":"https:\/\/api.w.org\/{rel}","templated":true}]}}