{"id":63585,"date":"2025-10-24T12:14:58","date_gmt":"2025-10-24T09:14:58","guid":{"rendered":"https:\/\/www.egemtv.com\/?p=63585"},"modified":"2025-10-24T12:14:59","modified_gmt":"2025-10-24T09:14:59","slug":"vali-musa-isin-asayis-sube-mudurlugu-ekibini-kabul-etti","status":"publish","type":"post","link":"https:\/\/www.egemtv.com\/?p=63585","title":{"rendered":"Vali Musa I\u015f\u0131n, Asayi\u015f \u015eube M\u00fcd\u00fcrl\u00fc\u011f\u00fc ekibini kabul etti"},"content":{"rendered":"<p>K\u00fctahya Valisi Musa I\u015f\u0131n, Asayi\u015f \u015eube M\u00fcd\u00fcr Vekili Ba\u015fkomiser Sabri Karako\u00e7 ve Asayi\u015f \u015eube M\u00fcd\u00fcrl\u00fc\u011f\u00fc personelini makam\u0131nda kabul etti.<br \/>\n<br \/>Ziyarette, il genelinde y\u00fcr\u00fct\u00fclen asayi\u015f faaliyetleri, g\u00fcvenlik uygulamalar\u0131 ve su\u00e7la m\u00fccadele \u00e7al\u0131\u015fmalar\u0131 hakk\u0131nda Vali Musa I\u015f\u0131n\u2019a bilgi sunuldu. Vali I\u015f\u0131n, vatanda\u015flar\u0131n huzur ve g\u00fcvenli\u011finin sa\u011flanmas\u0131 ad\u0131na \u00f6zveriyle g\u00f6rev yapan emniyet personeline \u00e7al\u0131\u015fmalar\u0131nda ba\u015far\u0131lar dileyerek, emeklerinden dolay\u0131 te\u015fekk\u00fcr etti.<br \/><\/p>\n","protected":false},"excerpt":{"rendered":"<p>K\u00fctahya Valisi Musa I\u015f\u0131n, Asayi\u015f \u015eube M\u00fcd\u00fcr Vekili Ba\u015fkomiser Sabri Karako\u00e7 ve Asayi\u015f \u015eube M\u00fcd\u00fcrl\u00fc\u011f\u00fc personelini makam\u0131nda kabul etti. Ziyarette, il genelinde y\u00fcr\u00fct\u00fclen asayi\u015f faaliyetleri, g\u00fcvenlik uygulamalar\u0131 ve su\u00e7la m\u00fccadele \u00e7al\u0131\u015fmalar\u0131 hakk\u0131nda Vali Musa I\u015f\u0131n\u2019a bilgi sunuldu. Vali I\u015f\u0131n, vatanda\u015flar\u0131n huzur ve g\u00fcvenli\u011finin sa\u011flanmas\u0131 ad\u0131na \u00f6zveriyle g\u00f6rev yapan emniyet personeline \u00e7al\u0131\u015fmalar\u0131nda ba\u015far\u0131lar dileyerek, emeklerinden dolay\u0131&#8230;<\/p>\n","protected":false},"author":1,"featured_media":63586,"comment_status":"open","ping_status":"open","sticky":false,"template":"","format":"standard","meta":{"_crdt_document":"","footnotes":""},"categories":[123],"tags":[],"class_list":["post-63585","post","type-post","status-publish","format-standard","has-post-thumbnail","hentry","category-gundem"],"_links":{"self":[{"href":"https:\/\/www.egemtv.com\/index.php?rest_route=\/wp\/v2\/posts\/63585","targetHints":{"allow":["GET"]}}],"collection":[{"href":"https:\/\/www.egemtv.com\/index.php?rest_route=\/wp\/v2\/posts"}],"about":[{"href":"https:\/\/www.egemtv.com\/index.php?rest_route=\/wp\/v2\/types\/post"}],"author":[{"embeddable":true,"href":"https:\/\/www.egemtv.com\/index.php?rest_route=\/wp\/v2\/users\/1"}],"replies":[{"embeddable":true,"href":"https:\/\/www.egemtv.com\/index.php?rest_route=%2Fwp%2Fv2%2Fcomments&post=63585"}],"version-history":[{"count":1,"href":"https:\/\/www.egemtv.com\/index.php?rest_route=\/wp\/v2\/posts\/63585\/revisions"}],"predecessor-version":[{"id":63587,"href":"https:\/\/www.egemtv.com\/index.php?rest_route=\/wp\/v2\/posts\/63585\/revisions\/63587"}],"wp:featuredmedia":[{"embeddable":true,"href":"https:\/\/www.egemtv.com\/index.php?rest_route=\/wp\/v2\/media\/63586"}],"wp:attachment":[{"href":"https:\/\/www.egemtv.com\/index.php?rest_route=%2Fwp%2Fv2%2Fmedia&parent=63585"}],"wp:term":[{"taxonomy":"category","embeddable":true,"href":"https:\/\/www.egemtv.com\/index.php?rest_route=%2Fwp%2Fv2%2Fcategories&post=63585"},{"taxonomy":"post_tag","embeddable":true,"href":"https:\/\/www.egemtv.com\/index.php?rest_route=%2Fwp%2Fv2%2Ftags&post=63585"}],"curies":[{"name":"wp","href":"https:\/\/api.w.org\/{rel}","templated":true}]}}