{"id":63582,"date":"2025-10-24T12:14:52","date_gmt":"2025-10-24T09:14:52","guid":{"rendered":"https:\/\/www.egemtv.com\/?p=63582"},"modified":"2025-10-24T12:14:55","modified_gmt":"2025-10-24T09:14:55","slug":"bodrumda-su-alarmi-barajlar-kritik-seviyede","status":"publish","type":"post","link":"https:\/\/www.egemtv.com\/?p=63582","title":{"rendered":"Bodrum\u2019da su alarm\u0131: Barajlar kritik seviyede"},"content":{"rendered":"<p>Bodrum\u2019da kurakl\u0131k ve azalan ya\u011f\u0131\u015flar nedeniyle il\u00e7enin i\u00e7me suyu kaynaklar\u0131 alarm veriyor. Bodrum\u2019a su sa\u011flayan Geyik ve Mumcular barajlar\u0131nda doluluk oran\u0131 kritik seviyelere indi. Mumcular Baraj\u0131\u2019nda su seviyesi y\u00fczde 6\u2019ya kadar d\u00fc\u015ferek \u00f6l\u00fc hacim noktas\u0131na ula\u015ft\u0131. Geyik Baraj\u0131\u2019nda ise doluluk oran\u0131 y\u00fczde 13\u2019e gerilerken, baraj y\u00fczeyinin ye\u015fil alg tabakas\u0131yla kapland\u0131\u011f\u0131 g\u00f6r\u00fcld\u00fc.<br \/>\n<br \/>Konuya ili\u015fkin de\u011ferlendirmede bulunan Mu\u011fla S\u0131tk\u0131 Ko\u00e7man \u00dcniversitesi (MSK\u00dc) M\u00fchendislik Fak\u00fcltesi \u0130n\u015faat M\u00fchendisli\u011fi B\u00f6l\u00fcm\u00fc Su Kaynaklar\u0131 Anabilim Dal\u0131 Ba\u015fkan\u0131 Do\u00e7. Dr. Ceyhun \u00d6z\u00e7elik, Bodrum\u2019un su rezervinin t\u00fckenme noktas\u0131na geldi\u011fini belirtti. \u00d6z\u00e7elik, &#8220;Bodrum\u2019un i\u00e7me suyu ihtiyac\u0131 ortalama 500 bin ki\u015fi i\u00e7in saniyede bin 100 litre civar\u0131nda. Bunun 300 litrelik k\u0131sm\u0131 Mumcular Baraj\u0131\u2019ndan sa\u011flan\u0131yordu ancak baraj kuruyunca bu su kesildi. Geyik Baraj\u0131\u2019ndan saniyede 600 litre su temin ediliyordu. Ge\u00e7ti\u011fimiz haftalarda bunun 270 litrelik k\u0131sm\u0131 da kesildi ve \u015fu an 330 litre\/saniye seviyesinde su al\u0131n\u0131yor. Geyik Baraj\u0131\u2019nda doluluk oran\u0131 y\u00fczde 13 civar\u0131nda. Bu da yakla\u015f\u0131k 2 milyon metrek\u00fcpl\u00fck bir su anlam\u0131na geliyor. Bodrum\u2019un t\u00fcm su ihtiyac\u0131n\u0131 sadece buradan kar\u015f\u0131lasak bile bu miktar 20 g\u00fcnl\u00fck bir t\u00fcketime denk geliyor. Ancak bu suyun yar\u0131s\u0131 termik santral i\u00e7in kullan\u0131l\u0131yor, dolay\u0131s\u0131yla elimizde sadece 10 g\u00fcnl\u00fck bir rezerv kalm\u0131\u015f durumda&#8221; dedi.<\/p>\n<p>&#8220;Yer alt\u0131 suyu da tehlikede&#8221;<br \/>\n<br \/>Barajlardaki su kesintilerinin ard\u0131ndan Bodrum\u2019a suyun Milas Ovas\u0131\u2019na sulama suyu sa\u011flayan Akgedik Baraj\u0131 ile yer alt\u0131 kuyular\u0131ndan sa\u011fland\u0131\u011f\u0131n\u0131 aktaran \u00d6z\u00e7elik, kurakl\u0131\u011f\u0131n uzun vadede ciddi sonu\u00e7lar do\u011furabilece\u011fini vurgulayarak, &#8220;Son 52 y\u0131l\u0131n en kurak d\u00f6nemini ya\u015f\u0131yoruz. Bu b\u00f6lgede kurakl\u0131k oran\u0131 \u00fclke ortalamas\u0131na g\u00f6re biraz daha d\u00fc\u015f\u00fck olsa da y\u00fczde 25 seviyesinde bir su eksikli\u011fi s\u00f6z konusu. Ya\u011f\u0131\u015flar\u0131n azalmas\u0131 devam ederse yeralt\u0131 su rezervlerimiz de riske girer. \u015eu anda Bodrum\u2019un suyunu t\u00fcketti\u011fimiz gibi Milas\u2019\u0131n kaynaklar\u0131n\u0131 da zorlamaya ba\u015flad\u0131k. Bu durum gelecekte b\u00f6lgeyi \u00e7ok daha ciddi bir su kriziyle kar\u015f\u0131 kar\u015f\u0131ya b\u0131rakabilir. Bu nedenle su y\u00f6netimi ve planlamas\u0131 konusunda acil \u00f6nlemler al\u0131nmas\u0131 gerekiyor&#8221; ifadelerini kulland\u0131.<br \/><\/p>\n","protected":false},"excerpt":{"rendered":"<p>Bodrum\u2019da kurakl\u0131k ve azalan ya\u011f\u0131\u015flar nedeniyle il\u00e7enin i\u00e7me suyu kaynaklar\u0131 alarm veriyor. Bodrum\u2019a su sa\u011flayan Geyik ve Mumcular barajlar\u0131nda doluluk oran\u0131 kritik seviyelere indi. Mumcular Baraj\u0131\u2019nda su seviyesi y\u00fczde 6\u2019ya kadar d\u00fc\u015ferek \u00f6l\u00fc hacim noktas\u0131na ula\u015ft\u0131. Geyik Baraj\u0131\u2019nda ise doluluk oran\u0131 y\u00fczde 13\u2019e gerilerken, baraj y\u00fczeyinin ye\u015fil alg tabakas\u0131yla kapland\u0131\u011f\u0131 g\u00f6r\u00fcld\u00fc. Konuya ili\u015fkin de\u011ferlendirmede bulunan&#8230;<\/p>\n","protected":false},"author":1,"featured_media":63583,"comment_status":"open","ping_status":"open","sticky":false,"template":"","format":"standard","meta":{"_crdt_document":"","footnotes":""},"categories":[1],"tags":[],"class_list":["post-63582","post","type-post","status-publish","format-standard","has-post-thumbnail","hentry","category-guncel"],"_links":{"self":[{"href":"https:\/\/www.egemtv.com\/index.php?rest_route=\/wp\/v2\/posts\/63582","targetHints":{"allow":["GET"]}}],"collection":[{"href":"https:\/\/www.egemtv.com\/index.php?rest_route=\/wp\/v2\/posts"}],"about":[{"href":"https:\/\/www.egemtv.com\/index.php?rest_route=\/wp\/v2\/types\/post"}],"author":[{"embeddable":true,"href":"https:\/\/www.egemtv.com\/index.php?rest_route=\/wp\/v2\/users\/1"}],"replies":[{"embeddable":true,"href":"https:\/\/www.egemtv.com\/index.php?rest_route=%2Fwp%2Fv2%2Fcomments&post=63582"}],"version-history":[{"count":1,"href":"https:\/\/www.egemtv.com\/index.php?rest_route=\/wp\/v2\/posts\/63582\/revisions"}],"predecessor-version":[{"id":63584,"href":"https:\/\/www.egemtv.com\/index.php?rest_route=\/wp\/v2\/posts\/63582\/revisions\/63584"}],"wp:featuredmedia":[{"embeddable":true,"href":"https:\/\/www.egemtv.com\/index.php?rest_route=\/wp\/v2\/media\/63583"}],"wp:attachment":[{"href":"https:\/\/www.egemtv.com\/index.php?rest_route=%2Fwp%2Fv2%2Fmedia&parent=63582"}],"wp:term":[{"taxonomy":"category","embeddable":true,"href":"https:\/\/www.egemtv.com\/index.php?rest_route=%2Fwp%2Fv2%2Fcategories&post=63582"},{"taxonomy":"post_tag","embeddable":true,"href":"https:\/\/www.egemtv.com\/index.php?rest_route=%2Fwp%2Fv2%2Ftags&post=63582"}],"curies":[{"name":"wp","href":"https:\/\/api.w.org\/{rel}","templated":true}]}}