{"id":63579,"date":"2025-10-24T11:54:46","date_gmt":"2025-10-24T08:54:46","guid":{"rendered":"https:\/\/www.egemtv.com\/?p=63579"},"modified":"2025-10-24T11:54:46","modified_gmt":"2025-10-24T08:54:46","slug":"sarigolluler-artik-dis-rontgeni-icin-ilce-disina-gitmeyecek","status":"publish","type":"post","link":"https:\/\/www.egemtv.com\/?p=63579","title":{"rendered":"Sar\u0131g\u00f6ll\u00fcler art\u0131k di\u015f r\u00f6ntgeni i\u00e7in il\u00e7e d\u0131\u015f\u0131na gitmeyecek"},"content":{"rendered":"<p>Manisa \u0130l Sa\u011fl\u0131k M\u00fcd\u00fcr\u00fc Uzm. Dr. Mehmet Fatih Zeren, Sar\u0131g\u00f6l Devlet Hastanesi\u2019nde panoramik di\u015f r\u00f6ntgen cihaz\u0131n\u0131n hizmete al\u0131nd\u0131\u011f\u0131n\u0131 a\u00e7\u0131klad\u0131.<br \/>\n<br \/>A\u011f\u0131z ve di\u015f sa\u011fl\u0131\u011f\u0131 hizmetlerinde \u00f6nemli bir geli\u015fme ya\u015fanan Sar\u0131g\u00f6l\u2019de, vatanda\u015flar art\u0131k di\u015f r\u00f6ntgeni \u00e7ekimi i\u00e7in \u00e7evre il\u00e7elere gitmek zorunda kalmayacak. \u0130l Sa\u011fl\u0131k M\u00fcd\u00fcr\u00fc Uzm. Dr. Mehmet Fatih Zeren, yeni cihaz\u0131n devreye girmesiyle birlikte te\u015fhis ve tedavi s\u00fcre\u00e7lerinin h\u0131z kazanaca\u011f\u0131n\u0131 belirterek, &#8220;Hastalar\u0131m\u0131z hem zaman hem de maliyet a\u00e7\u0131s\u0131ndan b\u00fcy\u00fck kolayl\u0131k elde edecek.&#8221; dedi.<br \/>\n<br \/>Panoramik di\u015f r\u00f6ntgen cihaz\u0131n\u0131n tek bir \u00e7ekimde t\u00fcm \u00e7ene yap\u0131s\u0131n\u0131n g\u00f6r\u00fcnt\u00fclenmesine imkan tan\u0131d\u0131\u011f\u0131n\u0131 ifade eden Zeren, cihaz\u0131n di\u015f, \u00e7ene kemi\u011fi ve \u00e7ene eklemlerini y\u00fcksek \u00e7\u00f6z\u00fcn\u00fcrl\u00fckte g\u00f6r\u00fcnt\u00fcleyebildi\u011fini s\u00f6yledi. Cihaz\u0131n; \u00e7\u00fcr\u00fck tespiti, g\u00f6m\u00fcl\u00fc di\u015flerin belirlenmesi, \u00e7ene k\u0131r\u0131klar\u0131, implant planlamas\u0131 ve ortodontik tedavi \u00f6ncesi de\u011ferlendirmelerde b\u00fcy\u00fck avantaj sa\u011flad\u0131\u011f\u0131n\u0131 aktard\u0131.<br \/>\n<br \/>\u0130l Sa\u011fl\u0131k M\u00fcd\u00fcr\u00fc Zeren, &#8220;Bu \u00f6zellikleriyle a\u011f\u0131z ve di\u015f sa\u011fl\u0131\u011f\u0131 alan\u0131nda il\u00e7emize modern bir hizmet kazand\u0131rm\u0131\u015f olman\u0131n mutlulu\u011funu ya\u015f\u0131yoruz. Sar\u0131g\u00f6l\u2019e hay\u0131rl\u0131 olmas\u0131n\u0131 diliyor, eme\u011fi ge\u00e7en t\u00fcm mesai arkada\u015flar\u0131ma te\u015fekk\u00fcr ediyorum&#8221; dedi.<br \/><\/p>\n","protected":false},"excerpt":{"rendered":"<p>Manisa \u0130l Sa\u011fl\u0131k M\u00fcd\u00fcr\u00fc Uzm. Dr. Mehmet Fatih Zeren, Sar\u0131g\u00f6l Devlet Hastanesi\u2019nde panoramik di\u015f r\u00f6ntgen cihaz\u0131n\u0131n hizmete al\u0131nd\u0131\u011f\u0131n\u0131 a\u00e7\u0131klad\u0131. A\u011f\u0131z ve di\u015f sa\u011fl\u0131\u011f\u0131 hizmetlerinde \u00f6nemli bir geli\u015fme ya\u015fanan Sar\u0131g\u00f6l\u2019de, vatanda\u015flar art\u0131k di\u015f r\u00f6ntgeni \u00e7ekimi i\u00e7in \u00e7evre il\u00e7elere gitmek zorunda kalmayacak. \u0130l Sa\u011fl\u0131k M\u00fcd\u00fcr\u00fc Uzm. Dr. Mehmet Fatih Zeren, yeni cihaz\u0131n devreye girmesiyle birlikte te\u015fhis ve&#8230;<\/p>\n","protected":false},"author":1,"featured_media":63580,"comment_status":"open","ping_status":"open","sticky":false,"template":"","format":"standard","meta":{"_crdt_document":"","footnotes":""},"categories":[2],"tags":[],"class_list":["post-63579","post","type-post","status-publish","format-standard","has-post-thumbnail","hentry","category-saglik"],"_links":{"self":[{"href":"https:\/\/www.egemtv.com\/index.php?rest_route=\/wp\/v2\/posts\/63579","targetHints":{"allow":["GET"]}}],"collection":[{"href":"https:\/\/www.egemtv.com\/index.php?rest_route=\/wp\/v2\/posts"}],"about":[{"href":"https:\/\/www.egemtv.com\/index.php?rest_route=\/wp\/v2\/types\/post"}],"author":[{"embeddable":true,"href":"https:\/\/www.egemtv.com\/index.php?rest_route=\/wp\/v2\/users\/1"}],"replies":[{"embeddable":true,"href":"https:\/\/www.egemtv.com\/index.php?rest_route=%2Fwp%2Fv2%2Fcomments&post=63579"}],"version-history":[{"count":1,"href":"https:\/\/www.egemtv.com\/index.php?rest_route=\/wp\/v2\/posts\/63579\/revisions"}],"predecessor-version":[{"id":63581,"href":"https:\/\/www.egemtv.com\/index.php?rest_route=\/wp\/v2\/posts\/63579\/revisions\/63581"}],"wp:featuredmedia":[{"embeddable":true,"href":"https:\/\/www.egemtv.com\/index.php?rest_route=\/wp\/v2\/media\/63580"}],"wp:attachment":[{"href":"https:\/\/www.egemtv.com\/index.php?rest_route=%2Fwp%2Fv2%2Fmedia&parent=63579"}],"wp:term":[{"taxonomy":"category","embeddable":true,"href":"https:\/\/www.egemtv.com\/index.php?rest_route=%2Fwp%2Fv2%2Fcategories&post=63579"},{"taxonomy":"post_tag","embeddable":true,"href":"https:\/\/www.egemtv.com\/index.php?rest_route=%2Fwp%2Fv2%2Ftags&post=63579"}],"curies":[{"name":"wp","href":"https:\/\/api.w.org\/{rel}","templated":true}]}}