{"id":63573,"date":"2025-10-24T11:34:52","date_gmt":"2025-10-24T08:34:52","guid":{"rendered":"https:\/\/www.egemtv.com\/?p=63573"},"modified":"2025-10-24T11:34:54","modified_gmt":"2025-10-24T08:34:54","slug":"menemende-dijital-deneyim-merkezi-aciliyor","status":"publish","type":"post","link":"https:\/\/www.egemtv.com\/?p=63573","title":{"rendered":"Menemen\u2019de Dijital Deneyim Merkezi a\u00e7\u0131l\u0131yor"},"content":{"rendered":"<p>Menemen Belediyesinin yapt\u0131rd\u0131\u011f\u0131, 270 derecelik a\u00e7\u0131yla muhte\u015fem bir atmosferi izleyiciyle bulu\u015fturacak olan Dijital Deneyim Merkezi, ilk konsepti olan Atat\u00fcrk ve Kurtulu\u015f Sava\u015f\u0131 g\u00f6sterimiyle, cumhuriyetin 102. y\u0131l d\u00f6n\u00fcm\u00fc kutlamalar\u0131 kapsam\u0131nda hizmete a\u00e7\u0131l\u0131yor. Belediye Ba\u015fkan\u0131 Ayd\u0131n Pehlivan, &#8220;Her ya\u015ftan hem\u015fehrimizi bu benzersiz deneyimi ya\u015famak ve milli duygular\u0131 bir kez daha dolu dolu hissetmek i\u00e7in yeni merkezimize bekliyoruz.&#8221; dedi.<br \/>\n<br \/>Menemen\u2019de projeler birer birer hayata ge\u00e7iriliyor, her ay bir proje a\u00e7\u0131l\u0131\u015f\u0131 t\u00fcm h\u0131z\u0131yla devam ediyor. T\u00fcrkelli Kapal\u0131 Pazar Yeri, Ulukent Semt Poliklini\u011fi, Kent-2 Ayn\u0131sefa Sosyal Tesisi, Menemen \u015eehir Park\u0131 Ayn\u0131sefa Sosyal Tesisi ve Ahmet Kahraman Camii a\u00e7\u0131l\u0131\u015flar\u0131n\u0131n ard\u0131ndan, Menemen Belediyesi Ekim ay\u0131nda da a\u00e7\u0131l\u0131\u015f ger\u00e7ekle\u015ftirerek, her aya yeni bir a\u00e7\u0131l\u0131\u015f m\u00fcjdesini devam ettirmi\u015f olacak.<br \/>\n<br \/>Bu kapsamda Mermerli Mahallesi\u2019nde yap\u0131m\u0131 tamamlanan Dijital Deneyim Merkezi, hummal\u0131 \u00e7al\u0131\u015fmalar\u0131n ard\u0131ndan kap\u0131lar\u0131n\u0131 a\u00e7maya haz\u0131rlan\u0131yor. 270 derecelik e\u015fsiz bir g\u00f6rsel \u015f\u00f6len e\u015fli\u011finde film g\u00f6sterimlerinin ger\u00e7ekle\u015ftirilece\u011fi tesiste, ilk filmin konusuysa Cumhuriyetimizin 102. kurulu\u015f y\u0131l d\u00f6n\u00fcm\u00fcne ithafen Atat\u00fcrk ve Kurtulu\u015f Sava\u015f\u0131 olacak.  \u00c7evre d\u00fczenlemesiyle birlikte kente kazand\u0131r\u0131lan yepyeni tesisin a\u00e7\u0131l\u0131\u015f tarihi 28 Ekim Sal\u0131, saat 14.30 olacak.<\/p>\n<p>&#8220;T\u00fcm hem\u015fehrilerimi bu e\u015fsiz deneyime davet ediyorum&#8221;<br \/>\n<br \/>Menemen\u2019e yeni kazand\u0131r\u0131lacak tesis hakk\u0131nda konu\u015fan Menemen Belediye Ba\u015fkan\u0131 Ayd\u0131n Pehlivan, &#8220;Menemen\u2019imize yepyeni tesisler kazand\u0131rarak, il\u00e7emizin her alanda refah seviyesini en \u00fcst seviyeye \u00e7\u0131karma ve sosyal hayat\u0131n\u0131 canland\u0131rma hedefimize do\u011fru emin ad\u0131mlarla ilerliyoruz. Bu kapsamda Mermerli Mahallemizde yap\u0131m\u0131n\u0131 tamamlad\u0131\u011f\u0131m\u0131z Dijital Deneyim Merkezi, her ya\u015ftan hem\u015fehrimize yepyeni ufuklar a\u00e7abilecek bir tesis olarak hizmete girecek. Tesisimizde ilk olarak Atat\u00fcrk ve Kurtulu\u015f Sava\u015f\u0131 temal\u0131 filmimizi, tam da Cumhuriyetimizin 102. y\u0131l\u0131n\u0131 co\u015fkuyla kutlad\u0131\u011f\u0131m\u0131z g\u00fcnlerde hem\u015fehrilerimizle bulu\u015fturacak olman\u0131n heyecan\u0131n\u0131 ya\u015f\u0131yor, onur duyuyoruz. Bu kapsamda bir kez daha Ulu \u00d6nder Gazi Mustafa Kemal Atat\u00fcrk, silah arkada\u015flar\u0131 ve t\u00fcm aziz \u015fehitlerimiz ile kahraman gazilerimizi sayg\u0131, minnet ve rahmetle an\u0131yorum. T\u00fcm hem\u015fehrilerimizi ve misafirlerimizi, bu e\u015fsiz deneyime davet ediyorum.&#8221; dedi.<br \/><\/p>\n","protected":false},"excerpt":{"rendered":"<p>Menemen Belediyesinin yapt\u0131rd\u0131\u011f\u0131, 270 derecelik a\u00e7\u0131yla muhte\u015fem bir atmosferi izleyiciyle bulu\u015fturacak olan Dijital Deneyim Merkezi, ilk konsepti olan Atat\u00fcrk ve Kurtulu\u015f Sava\u015f\u0131 g\u00f6sterimiyle, cumhuriyetin 102. y\u0131l d\u00f6n\u00fcm\u00fc kutlamalar\u0131 kapsam\u0131nda hizmete a\u00e7\u0131l\u0131yor. Belediye Ba\u015fkan\u0131 Ayd\u0131n Pehlivan, &#8220;Her ya\u015ftan hem\u015fehrimizi bu benzersiz deneyimi ya\u015famak ve milli duygular\u0131 bir kez daha dolu dolu hissetmek i\u00e7in yeni merkezimize bekliyoruz.&#8221;&#8230;<\/p>\n","protected":false},"author":1,"featured_media":63574,"comment_status":"open","ping_status":"open","sticky":false,"template":"","format":"standard","meta":{"_crdt_document":"","footnotes":""},"categories":[1],"tags":[],"class_list":["post-63573","post","type-post","status-publish","format-standard","has-post-thumbnail","hentry","category-guncel"],"_links":{"self":[{"href":"https:\/\/www.egemtv.com\/index.php?rest_route=\/wp\/v2\/posts\/63573","targetHints":{"allow":["GET"]}}],"collection":[{"href":"https:\/\/www.egemtv.com\/index.php?rest_route=\/wp\/v2\/posts"}],"about":[{"href":"https:\/\/www.egemtv.com\/index.php?rest_route=\/wp\/v2\/types\/post"}],"author":[{"embeddable":true,"href":"https:\/\/www.egemtv.com\/index.php?rest_route=\/wp\/v2\/users\/1"}],"replies":[{"embeddable":true,"href":"https:\/\/www.egemtv.com\/index.php?rest_route=%2Fwp%2Fv2%2Fcomments&post=63573"}],"version-history":[{"count":1,"href":"https:\/\/www.egemtv.com\/index.php?rest_route=\/wp\/v2\/posts\/63573\/revisions"}],"predecessor-version":[{"id":63575,"href":"https:\/\/www.egemtv.com\/index.php?rest_route=\/wp\/v2\/posts\/63573\/revisions\/63575"}],"wp:featuredmedia":[{"embeddable":true,"href":"https:\/\/www.egemtv.com\/index.php?rest_route=\/wp\/v2\/media\/63574"}],"wp:attachment":[{"href":"https:\/\/www.egemtv.com\/index.php?rest_route=%2Fwp%2Fv2%2Fmedia&parent=63573"}],"wp:term":[{"taxonomy":"category","embeddable":true,"href":"https:\/\/www.egemtv.com\/index.php?rest_route=%2Fwp%2Fv2%2Fcategories&post=63573"},{"taxonomy":"post_tag","embeddable":true,"href":"https:\/\/www.egemtv.com\/index.php?rest_route=%2Fwp%2Fv2%2Ftags&post=63573"}],"curies":[{"name":"wp","href":"https:\/\/api.w.org\/{rel}","templated":true}]}}