{"id":63567,"date":"2025-10-24T11:15:38","date_gmt":"2025-10-24T08:15:38","guid":{"rendered":"https:\/\/www.egemtv.com\/?p=63567"},"modified":"2025-10-24T11:15:41","modified_gmt":"2025-10-24T08:15:41","slug":"refuje-giren-otomobilde-2-kisi-yaralandi","status":"publish","type":"post","link":"https:\/\/www.egemtv.com\/?p=63567","title":{"rendered":"Ref\u00fcje giren otomobilde 2 ki\u015fi yaraland\u0131"},"content":{"rendered":"<p>Afyonkarahisar\u2019da kontrolden \u00e7\u0131karak tol kenar\u0131ndaki ref\u00fcje giren otomobilde 2 ki\u015fi yaraland\u0131.<br \/>\n<br \/>Kaza, Sand\u0131kl\u0131 il\u00e7esi Ball\u0131k Kava\u015fa\u011f\u0131\u2019nda meydana geldi. Edinilen bilgilere g\u00f6re, M.T.K., idaresindeki 07 CDZ 592 plakal\u0131 otomobil s\u00fcr\u00fcc\u00fcs\u00fcn\u00fcn hen\u00fcz belirlenemeyen bir sebepten \u00f6t\u00fcr\u00fc direksiyon hakimiyetini kaybetmesi sonucu kontrolden \u00e7\u0131karak yol kenar\u0131ndaki ref\u00fcje girdi. Kazada s\u00fcr\u00fcc\u00fc ile birlikte B.K., yaraland\u0131. Yaral\u0131lar kaza sonras\u0131 \u00e7evredekilerin haber vermesi \u00fczerine olay yerine gelen ambulanslarla hastanelere kald\u0131r\u0131ld\u0131.<br \/>\n<br \/>Kazan\u0131n ard\u0131ndan jandarma taraf\u0131ndan inceleme ba\u015flat\u0131ld\u0131.<br \/><\/p>\n","protected":false},"excerpt":{"rendered":"<p>Afyonkarahisar\u2019da kontrolden \u00e7\u0131karak tol kenar\u0131ndaki ref\u00fcje giren otomobilde 2 ki\u015fi yaraland\u0131. Kaza, Sand\u0131kl\u0131 il\u00e7esi Ball\u0131k Kava\u015fa\u011f\u0131\u2019nda meydana geldi. Edinilen bilgilere g\u00f6re, M.T.K., idaresindeki 07 CDZ 592 plakal\u0131 otomobil s\u00fcr\u00fcc\u00fcs\u00fcn\u00fcn hen\u00fcz belirlenemeyen bir sebepten \u00f6t\u00fcr\u00fc direksiyon hakimiyetini kaybetmesi sonucu kontrolden \u00e7\u0131karak yol kenar\u0131ndaki ref\u00fcje girdi. Kazada s\u00fcr\u00fcc\u00fc ile birlikte B.K., yaraland\u0131. Yaral\u0131lar kaza sonras\u0131 \u00e7evredekilerin haber&#8230;<\/p>\n","protected":false},"author":1,"featured_media":63568,"comment_status":"open","ping_status":"open","sticky":false,"template":"","format":"standard","meta":{"_crdt_document":"","footnotes":""},"categories":[5],"tags":[],"class_list":["post-63567","post","type-post","status-publish","format-standard","has-post-thumbnail","hentry","category-asayis"],"_links":{"self":[{"href":"https:\/\/www.egemtv.com\/index.php?rest_route=\/wp\/v2\/posts\/63567","targetHints":{"allow":["GET"]}}],"collection":[{"href":"https:\/\/www.egemtv.com\/index.php?rest_route=\/wp\/v2\/posts"}],"about":[{"href":"https:\/\/www.egemtv.com\/index.php?rest_route=\/wp\/v2\/types\/post"}],"author":[{"embeddable":true,"href":"https:\/\/www.egemtv.com\/index.php?rest_route=\/wp\/v2\/users\/1"}],"replies":[{"embeddable":true,"href":"https:\/\/www.egemtv.com\/index.php?rest_route=%2Fwp%2Fv2%2Fcomments&post=63567"}],"version-history":[{"count":1,"href":"https:\/\/www.egemtv.com\/index.php?rest_route=\/wp\/v2\/posts\/63567\/revisions"}],"predecessor-version":[{"id":63569,"href":"https:\/\/www.egemtv.com\/index.php?rest_route=\/wp\/v2\/posts\/63567\/revisions\/63569"}],"wp:featuredmedia":[{"embeddable":true,"href":"https:\/\/www.egemtv.com\/index.php?rest_route=\/wp\/v2\/media\/63568"}],"wp:attachment":[{"href":"https:\/\/www.egemtv.com\/index.php?rest_route=%2Fwp%2Fv2%2Fmedia&parent=63567"}],"wp:term":[{"taxonomy":"category","embeddable":true,"href":"https:\/\/www.egemtv.com\/index.php?rest_route=%2Fwp%2Fv2%2Fcategories&post=63567"},{"taxonomy":"post_tag","embeddable":true,"href":"https:\/\/www.egemtv.com\/index.php?rest_route=%2Fwp%2Fv2%2Ftags&post=63567"}],"curies":[{"name":"wp","href":"https:\/\/api.w.org\/{rel}","templated":true}]}}