{"id":63564,"date":"2025-10-24T11:15:35","date_gmt":"2025-10-24T08:15:35","guid":{"rendered":"https:\/\/www.egemtv.com\/?p=63564"},"modified":"2025-10-24T11:15:36","modified_gmt":"2025-10-24T08:15:36","slug":"kus-evleri-kutahya-orman-bolge-mudurlugune-teslim-edildi","status":"publish","type":"post","link":"https:\/\/www.egemtv.com\/?p=63564","title":{"rendered":"Ku\u015f evleri K\u00fctahya Orman B\u00f6lge M\u00fcd\u00fcrl\u00fc\u011f\u00fc\u2019ne teslim edildi"},"content":{"rendered":"<p>Emniyet M\u00fcd\u00fcrl\u00fc\u011f\u00fc taraf\u0131ndan y\u00fcr\u00fct\u00fclen &#8220;\u00c7OGEP-2025 Dumlup\u0131nar\u2019da Parlayan Y\u0131ld\u0131zlar&#8221; projesi kapsam\u0131nda \u00f6zel bireyler taraf\u0131ndan el eme\u011fiyle haz\u0131rlanan ku\u015f evleri, K\u00fctahya Orman B\u00f6lge M\u00fcd\u00fcrl\u00fc\u011f\u00fc\u2019ne teslim edildi.<br \/>\n<br \/>Teslim t\u00f6renine Toplum Destekli Polislik \u015eube M\u00fcd\u00fcr Vekili Dilek Turul, Bahattin \u00c7ini \u00d6zel E\u011fitim Meslek Okulu M\u00fcd\u00fcr Yard\u0131mc\u0131s\u0131 Ali Asan ve Tolga Akbay kat\u0131ld\u0131. Proje kapsam\u0131nda \u00f6zel bireylerin yapt\u0131\u011f\u0131 ku\u015f evleri, Orman B\u00f6lge M\u00fcd\u00fcrl\u00fc\u011f\u00fc bah\u00e7esi ve uygun alanlara yerle\u015ftirilmek \u00fczere teslim edildi.<br \/>\n<br \/>Do\u011fada ya\u015fayan canl\u0131lar i\u00e7in g\u00fcvenli ya\u015fam alanlar\u0131 olu\u015fturan bu ku\u015f evleri, ayn\u0131 zamanda kurum \u00e7al\u0131\u015fanlar\u0131 ve hizmet alan bireylerde \u00e7evre duyarl\u0131l\u0131\u011f\u0131 ve toplumsal fark\u0131ndal\u0131k olu\u015fturmas\u0131 a\u00e7\u0131s\u0131ndan da anlaml\u0131 bir proje olarak de\u011ferlendirildi.<br \/>\n<br \/>Teslimat s\u0131ras\u0131nda proje ekibi ve \u00f6zel bireyler, Orman B\u00f6lge M\u00fcd\u00fcr\u00fc Erdal Dingil\u2019i makam\u0131nda ziyaret ederek proje s\u00fcreci ve yap\u0131lan \u00e7al\u0131\u015fmalar hakk\u0131nda bilgi verdi. B\u00f6lge M\u00fcd\u00fcr\u00fc Dingil, ziyaretten duydu\u011fu memnuniyeti dile getirerek, projeye emek veren t\u00fcm kat\u0131l\u0131mc\u0131lara te\u015fekk\u00fcr etti.<br \/><\/p>\n","protected":false},"excerpt":{"rendered":"<p>Emniyet M\u00fcd\u00fcrl\u00fc\u011f\u00fc taraf\u0131ndan y\u00fcr\u00fct\u00fclen &#8220;\u00c7OGEP-2025 Dumlup\u0131nar\u2019da Parlayan Y\u0131ld\u0131zlar&#8221; projesi kapsam\u0131nda \u00f6zel bireyler taraf\u0131ndan el eme\u011fiyle haz\u0131rlanan ku\u015f evleri, K\u00fctahya Orman B\u00f6lge M\u00fcd\u00fcrl\u00fc\u011f\u00fc\u2019ne teslim edildi. Teslim t\u00f6renine Toplum Destekli Polislik \u015eube M\u00fcd\u00fcr Vekili Dilek Turul, Bahattin \u00c7ini \u00d6zel E\u011fitim Meslek Okulu M\u00fcd\u00fcr Yard\u0131mc\u0131s\u0131 Ali Asan ve Tolga Akbay kat\u0131ld\u0131. Proje kapsam\u0131nda \u00f6zel bireylerin yapt\u0131\u011f\u0131 ku\u015f evleri,&#8230;<\/p>\n","protected":false},"author":1,"featured_media":63565,"comment_status":"open","ping_status":"open","sticky":false,"template":"","format":"standard","meta":{"_crdt_document":"","footnotes":""},"categories":[1],"tags":[],"class_list":["post-63564","post","type-post","status-publish","format-standard","has-post-thumbnail","hentry","category-guncel"],"_links":{"self":[{"href":"https:\/\/www.egemtv.com\/index.php?rest_route=\/wp\/v2\/posts\/63564","targetHints":{"allow":["GET"]}}],"collection":[{"href":"https:\/\/www.egemtv.com\/index.php?rest_route=\/wp\/v2\/posts"}],"about":[{"href":"https:\/\/www.egemtv.com\/index.php?rest_route=\/wp\/v2\/types\/post"}],"author":[{"embeddable":true,"href":"https:\/\/www.egemtv.com\/index.php?rest_route=\/wp\/v2\/users\/1"}],"replies":[{"embeddable":true,"href":"https:\/\/www.egemtv.com\/index.php?rest_route=%2Fwp%2Fv2%2Fcomments&post=63564"}],"version-history":[{"count":1,"href":"https:\/\/www.egemtv.com\/index.php?rest_route=\/wp\/v2\/posts\/63564\/revisions"}],"predecessor-version":[{"id":63566,"href":"https:\/\/www.egemtv.com\/index.php?rest_route=\/wp\/v2\/posts\/63564\/revisions\/63566"}],"wp:featuredmedia":[{"embeddable":true,"href":"https:\/\/www.egemtv.com\/index.php?rest_route=\/wp\/v2\/media\/63565"}],"wp:attachment":[{"href":"https:\/\/www.egemtv.com\/index.php?rest_route=%2Fwp%2Fv2%2Fmedia&parent=63564"}],"wp:term":[{"taxonomy":"category","embeddable":true,"href":"https:\/\/www.egemtv.com\/index.php?rest_route=%2Fwp%2Fv2%2Fcategories&post=63564"},{"taxonomy":"post_tag","embeddable":true,"href":"https:\/\/www.egemtv.com\/index.php?rest_route=%2Fwp%2Fv2%2Ftags&post=63564"}],"curies":[{"name":"wp","href":"https:\/\/api.w.org\/{rel}","templated":true}]}}