{"id":63561,"date":"2025-10-24T11:15:31","date_gmt":"2025-10-24T08:15:31","guid":{"rendered":"https:\/\/www.egemtv.com\/?p=63561"},"modified":"2025-10-24T11:15:32","modified_gmt":"2025-10-24T08:15:32","slug":"gediz-halk-egitimde-uretilen-kisliklar-ihtiyac-sahiplerine-ulastirilacak","status":"publish","type":"post","link":"https:\/\/www.egemtv.com\/?p=63561","title":{"rendered":"Gediz Halk E\u011fitim\u2019de \u00fcretilen k\u0131\u015fl\u0131klar ihtiya\u00e7 sahiplerine ula\u015ft\u0131r\u0131lacak"},"content":{"rendered":"<p>K\u00fctahya\u2019n\u0131n Gediz il\u00e7esinde, Halk E\u011fitimi Merkezi kursiyerleri taraf\u0131ndan el eme\u011fiyle haz\u0131rlad\u0131\u011f\u0131 k\u0131\u015fl\u0131k k\u0131yafetler ve ev tekstili \u00fcr\u00fcnleri, ihtiya\u00e7 sahiplerine ula\u015ft\u0131r\u0131lmak \u00fczere Gediz Sosyal Yard\u0131mla\u015fma ve Dayan\u0131\u015fma Vakf\u0131\u2019na (SYDV) teslim edildi.<br \/>\n<br \/>Halk E\u011fitimi Merkezi\u2019nde g\u00f6rev yapan usta \u00f6\u011freticiler ve kursiyerler taraf\u0131ndan \u00f6zenle haz\u0131rlanan polar \u015fallar, \u00e7ocuk e\u015fofman altlar\u0131 ve \u00e7ar\u015faflar gibi k\u0131\u015fl\u0131k \u00fcr\u00fcnler, so\u011fuk havalar \u00f6ncesinde ihtiya\u00e7 sahiplerine s\u0131cakl\u0131k katacak.<br \/>\n<br \/>Sosyal Yard\u0131m Projesi kapsam\u0131nda haz\u0131rlanan \u00fcr\u00fcnlerin teslimi s\u0131ras\u0131nda konu\u015fan Gediz Halk E\u011fitimi Merkezi M\u00fcd\u00fcr\u00fc Ali Ar\u0131soy, bu t\u00fcr \u00e7al\u0131\u015fmalar\u0131n \u00f6nemini vurgulad\u0131. M\u00fcd\u00fcr Ar\u0131soy, &#8220;Sosyal Yard\u0131m Projesi kapsam\u0131nda ihtiya\u00e7 sahiplerine ula\u015ft\u0131r\u0131lmak \u00fczere teslim edilen \u00fcr\u00fcnlerin haz\u0131rlanmas\u0131nda ve dikiminde eme\u011fi ge\u00e7en ba\u015fta usta \u00f6\u011freticilerimiz ve kursiyerlerimiz olmak \u00fczere emek veren herkese te\u015fekk\u00fcr ederim. Halk E\u011fitimi Merkezi olarak, kurslar\u0131m\u0131z\u0131n yaln\u0131zca mesleki beceri kazand\u0131rmakla kalmay\u0131p, ayn\u0131 zamanda sosyal sorumluluk bilincini ve dayan\u0131\u015fmay\u0131 g\u00fc\u00e7lendirmesi bizler i\u00e7in gurur kayna\u011f\u0131d\u0131r. Bu t\u00fcr projelerle toplumumuzun her kesimine dokunmaya devam edece\u011fiz&#8221; dedi.<br \/>\n<br \/>Teslim edilen \u00fcr\u00fcnler, Gediz Sosyal Yard\u0131mla\u015fma ve Dayan\u0131\u015fma Vakf\u0131 M\u00fcd\u00fcrl\u00fc\u011f\u00fc arac\u0131l\u0131\u011f\u0131yla belirlenen ihtiya\u00e7 sahibi ailelere ula\u015ft\u0131r\u0131lacak.<br \/><\/p>\n","protected":false},"excerpt":{"rendered":"<p>K\u00fctahya\u2019n\u0131n Gediz il\u00e7esinde, Halk E\u011fitimi Merkezi kursiyerleri taraf\u0131ndan el eme\u011fiyle haz\u0131rlad\u0131\u011f\u0131 k\u0131\u015fl\u0131k k\u0131yafetler ve ev tekstili \u00fcr\u00fcnleri, ihtiya\u00e7 sahiplerine ula\u015ft\u0131r\u0131lmak \u00fczere Gediz Sosyal Yard\u0131mla\u015fma ve Dayan\u0131\u015fma Vakf\u0131\u2019na (SYDV) teslim edildi. Halk E\u011fitimi Merkezi\u2019nde g\u00f6rev yapan usta \u00f6\u011freticiler ve kursiyerler taraf\u0131ndan \u00f6zenle haz\u0131rlanan polar \u015fallar, \u00e7ocuk e\u015fofman altlar\u0131 ve \u00e7ar\u015faflar gibi k\u0131\u015fl\u0131k \u00fcr\u00fcnler, so\u011fuk havalar \u00f6ncesinde&#8230;<\/p>\n","protected":false},"author":1,"featured_media":63562,"comment_status":"open","ping_status":"open","sticky":false,"template":"","format":"standard","meta":{"_crdt_document":"","footnotes":""},"categories":[123],"tags":[],"class_list":["post-63561","post","type-post","status-publish","format-standard","has-post-thumbnail","hentry","category-gundem"],"_links":{"self":[{"href":"https:\/\/www.egemtv.com\/index.php?rest_route=\/wp\/v2\/posts\/63561","targetHints":{"allow":["GET"]}}],"collection":[{"href":"https:\/\/www.egemtv.com\/index.php?rest_route=\/wp\/v2\/posts"}],"about":[{"href":"https:\/\/www.egemtv.com\/index.php?rest_route=\/wp\/v2\/types\/post"}],"author":[{"embeddable":true,"href":"https:\/\/www.egemtv.com\/index.php?rest_route=\/wp\/v2\/users\/1"}],"replies":[{"embeddable":true,"href":"https:\/\/www.egemtv.com\/index.php?rest_route=%2Fwp%2Fv2%2Fcomments&post=63561"}],"version-history":[{"count":1,"href":"https:\/\/www.egemtv.com\/index.php?rest_route=\/wp\/v2\/posts\/63561\/revisions"}],"predecessor-version":[{"id":63563,"href":"https:\/\/www.egemtv.com\/index.php?rest_route=\/wp\/v2\/posts\/63561\/revisions\/63563"}],"wp:featuredmedia":[{"embeddable":true,"href":"https:\/\/www.egemtv.com\/index.php?rest_route=\/wp\/v2\/media\/63562"}],"wp:attachment":[{"href":"https:\/\/www.egemtv.com\/index.php?rest_route=%2Fwp%2Fv2%2Fmedia&parent=63561"}],"wp:term":[{"taxonomy":"category","embeddable":true,"href":"https:\/\/www.egemtv.com\/index.php?rest_route=%2Fwp%2Fv2%2Fcategories&post=63561"},{"taxonomy":"post_tag","embeddable":true,"href":"https:\/\/www.egemtv.com\/index.php?rest_route=%2Fwp%2Fv2%2Ftags&post=63561"}],"curies":[{"name":"wp","href":"https:\/\/api.w.org\/{rel}","templated":true}]}}