{"id":63558,"date":"2025-10-24T11:15:29","date_gmt":"2025-10-24T08:15:29","guid":{"rendered":"https:\/\/www.egemtv.com\/?p=63558"},"modified":"2025-10-24T11:15:30","modified_gmt":"2025-10-24T08:15:30","slug":"aydinda-en-fazla-yagis-efelere-dustu","status":"publish","type":"post","link":"https:\/\/www.egemtv.com\/?p=63558","title":{"rendered":"Ayd\u0131n\u2019da en fazla ya\u011f\u0131\u015f Efeler\u2019e d\u00fc\u015ft\u00fc"},"content":{"rendered":"<p>Meteoroloji Genel M\u00fcd\u00fcrl\u00fc\u011f\u00fc verilerine g\u00f6re Ayd\u0131n genelinde etkili olan ya\u011f\u0131\u015flarda en fazla ya\u011f\u0131\u015f Efeler il\u00e7esinde kaydedildi. Kent genelinde metrekareye ortalama 44 kilogram ya\u011f\u0131\u015f d\u00fc\u015ferken, baz\u0131 il\u00e7elerde bu oran 1 kilogram\u0131n alt\u0131na kadar geriledi.<\/p>\n<p>Ayd\u0131n\u2019da d\u00fcn ak\u015fam saatlerinde g\u00f6k g\u00fcr\u00fclt\u00fcl\u00fc sa\u011fanak ya\u011f\u0131\u015f etkili oldu. Meteoroloji\u2019nin kuvvetli ya\u011f\u0131\u015f uyar\u0131s\u0131n\u0131n ard\u0131ndan, bir anda bast\u0131ran ya\u011f\u0131\u015f sonras\u0131nda yollar dereye d\u00f6nd\u00fc, baz\u0131 caddelerde su birikintileri olu\u015ftu. Kuvvetli ya\u011f\u0131\u015f sonras\u0131nda ara\u00e7 s\u00fcr\u00fcc\u00fcleri ve vatanda\u015flar zor anlar ya\u015fad\u0131. Zaman zaman trafik durma noktas\u0131na geldi. K\u00f6rfez Caddesi, \u0130stasyon Bulvar\u0131, Do\u011fu Gazi Bulvar\u0131, \u0130zmir Bulvar\u0131 ba\u015fta olmak \u00fczere olumsuzluk ya\u015fanan ana arterlerde ve su birikintilerinin bulundu\u011fu alanlarda Ayd\u0131n B\u00fcy\u00fck\u015fehir Belediyesi ekipleri \u00e7al\u0131\u015fma ba\u015flat\u0131rken, emniyet ekipleri de t\u0131kanan trafi\u011fi a\u00e7mak i\u00e7in yo\u011fun \u00e7aba sarf etti.<\/p>\n<p>Efeler\u2019e metrekareye ortalama 44 kilogram ya\u011f\u0131\u015f d\u00fc\u015ft\u00fc<br \/>\n<br \/>Ya\u015fanan yo\u011fun ya\u011f\u0131\u015f\u0131n ard\u0131ndan Meteoroloji Genel M\u00fcd\u00fcrl\u00fc\u011f\u00fc verilerine g\u00f6re metrekareye en fazla ya\u011f\u0131\u015f 44 kilogramla Efeler il\u00e7esinde \u00f6l\u00e7\u00fcld\u00fc. Efeler\u2019i 35,4 kilogramla S\u00f6ke, 27 kilogramla Nazilli, 23,1 kilogramla Ko\u00e7arl\u0131 ve 22,6 kilogramla \u00c7ine il\u00e7esi takip etti. Yenipazar\u2019da metrekareye 20 kilogram, Sultanhisar\u2019da 17,8 kilogram, Kuyucak Musakolu Mahallesi\u2019nde 16,7 kilogram, K\u00f6\u015fk\u2019te 11,1 kilogram, Didim ve Germencik\u2019te ise 10,4 kilogram ya\u011f\u0131\u015f d\u00fc\u015ft\u00fc. En az ya\u011f\u0131\u015f\u0131n g\u00f6r\u00fcld\u00fc\u011f\u00fc yerler aras\u0131nda 0,9 kilogramla Ku\u015fadas\u0131 ve 0,3 kilogramla G\u00fczel\u00e7aml\u0131 Mahallesi yer ald\u0131.<br \/><\/p>\n","protected":false},"excerpt":{"rendered":"<p>Meteoroloji Genel M\u00fcd\u00fcrl\u00fc\u011f\u00fc verilerine g\u00f6re Ayd\u0131n genelinde etkili olan ya\u011f\u0131\u015flarda en fazla ya\u011f\u0131\u015f Efeler il\u00e7esinde kaydedildi. Kent genelinde metrekareye ortalama 44 kilogram ya\u011f\u0131\u015f d\u00fc\u015ferken, baz\u0131 il\u00e7elerde bu oran 1 kilogram\u0131n alt\u0131na kadar geriledi. Ayd\u0131n\u2019da d\u00fcn ak\u015fam saatlerinde g\u00f6k g\u00fcr\u00fclt\u00fcl\u00fc sa\u011fanak ya\u011f\u0131\u015f etkili oldu. Meteoroloji\u2019nin kuvvetli ya\u011f\u0131\u015f uyar\u0131s\u0131n\u0131n ard\u0131ndan, bir anda bast\u0131ran ya\u011f\u0131\u015f sonras\u0131nda yollar dereye&#8230;<\/p>\n","protected":false},"author":1,"featured_media":63559,"comment_status":"open","ping_status":"open","sticky":false,"template":"","format":"standard","meta":{"_crdt_document":"","footnotes":""},"categories":[1],"tags":[],"class_list":["post-63558","post","type-post","status-publish","format-standard","has-post-thumbnail","hentry","category-guncel"],"_links":{"self":[{"href":"https:\/\/www.egemtv.com\/index.php?rest_route=\/wp\/v2\/posts\/63558","targetHints":{"allow":["GET"]}}],"collection":[{"href":"https:\/\/www.egemtv.com\/index.php?rest_route=\/wp\/v2\/posts"}],"about":[{"href":"https:\/\/www.egemtv.com\/index.php?rest_route=\/wp\/v2\/types\/post"}],"author":[{"embeddable":true,"href":"https:\/\/www.egemtv.com\/index.php?rest_route=\/wp\/v2\/users\/1"}],"replies":[{"embeddable":true,"href":"https:\/\/www.egemtv.com\/index.php?rest_route=%2Fwp%2Fv2%2Fcomments&post=63558"}],"version-history":[{"count":1,"href":"https:\/\/www.egemtv.com\/index.php?rest_route=\/wp\/v2\/posts\/63558\/revisions"}],"predecessor-version":[{"id":63560,"href":"https:\/\/www.egemtv.com\/index.php?rest_route=\/wp\/v2\/posts\/63558\/revisions\/63560"}],"wp:featuredmedia":[{"embeddable":true,"href":"https:\/\/www.egemtv.com\/index.php?rest_route=\/wp\/v2\/media\/63559"}],"wp:attachment":[{"href":"https:\/\/www.egemtv.com\/index.php?rest_route=%2Fwp%2Fv2%2Fmedia&parent=63558"}],"wp:term":[{"taxonomy":"category","embeddable":true,"href":"https:\/\/www.egemtv.com\/index.php?rest_route=%2Fwp%2Fv2%2Fcategories&post=63558"},{"taxonomy":"post_tag","embeddable":true,"href":"https:\/\/www.egemtv.com\/index.php?rest_route=%2Fwp%2Fv2%2Ftags&post=63558"}],"curies":[{"name":"wp","href":"https:\/\/api.w.org\/{rel}","templated":true}]}}