{"id":63555,"date":"2025-10-24T11:15:27","date_gmt":"2025-10-24T08:15:27","guid":{"rendered":"https:\/\/www.egemtv.com\/?p=63555"},"modified":"2025-10-24T11:15:28","modified_gmt":"2025-10-24T08:15:28","slug":"kutahyada-kamuda-kariyer-soylesisi","status":"publish","type":"post","link":"https:\/\/www.egemtv.com\/?p=63555","title":{"rendered":"K\u00fctahya\u2019da &#8220;Kamuda Kariyer&#8221; s\u00f6yle\u015fisi"},"content":{"rendered":"<p>K\u00fctahya Dumlup\u0131nar \u00dcniversitesi \u0130ktisadi ve \u0130dari Bilimler Fak\u00fcltesi\u2019nde (\u0130\u0130BF), kamu sekt\u00f6r\u00fcnde kariyer imkanlar\u0131n\u0131n ele al\u0131nd\u0131\u011f\u0131 &#8220;Kamuda Kariyer&#8221; konulu s\u00f6yle\u015fi ger\u00e7ekle\u015ftirildi.<br \/>\n<br \/>\u0130\u0130BF Konferans Salonu\u2019nda \u0130ktisadi ve \u0130dari Bilimler Toplulu\u011fu taraf\u0131ndan d\u00fczenlenen etkinli\u011fe, Fak\u00fclte Dekan\u0131 Prof. Dr. Ercan Ta\u015fk\u0131n, akademisyenler ve \u00e7ok say\u0131da \u00f6\u011frenci kat\u0131ld\u0131.<br \/>\n<br \/>Program\u0131n a\u00e7\u0131l\u0131\u015f\u0131nda konu\u015fan Prof. Dr. Ercan Ta\u015fk\u0131n, \u00f6\u011frencilerin kariyer planlamalar\u0131nda kamu kurumlar\u0131n\u0131n \u00f6nemli bir alan olu\u015fturdu\u011funu belirterek, bu t\u00fcr etkinliklerin \u00f6\u011frencilerin mesleki y\u00f6nelimlerine katk\u0131 sa\u011flad\u0131\u011f\u0131n\u0131 ifade etti.<br \/>\n<br \/>Prof. Dr. H\u00fcsamettin \u0130na\u00e7 moderat\u00f6rl\u00fc\u011f\u00fcnde ger\u00e7ekle\u015ftirilen s\u00f6yle\u015fide, Do\u00e7. Dr. Levent Ersin Orall\u0131 kamu kurumlar\u0131nda istihdam s\u00fcre\u00e7leri ve liyakat ilkesinin \u00f6nemi \u00fczerine de\u011ferlendirmelerde bulundu. Cengizhan G\u00f6kben ise kamu kurumlar\u0131nda kariyer geli\u015fimi, yetkinlik temelli ilerleme ve yeni nesil kamu y\u00f6netimi anlay\u0131\u015f\u0131 hakk\u0131nda bilgi payla\u015ft\u0131.<br \/>\n<br \/>S\u00f6yle\u015fi, \u00f6\u011frencilerden gelen sorular\u0131n yan\u0131tlanmas\u0131n\u0131n ard\u0131ndan sona erdi.<br \/><\/p>\n","protected":false},"excerpt":{"rendered":"<p>K\u00fctahya Dumlup\u0131nar \u00dcniversitesi \u0130ktisadi ve \u0130dari Bilimler Fak\u00fcltesi\u2019nde (\u0130\u0130BF), kamu sekt\u00f6r\u00fcnde kariyer imkanlar\u0131n\u0131n ele al\u0131nd\u0131\u011f\u0131 &#8220;Kamuda Kariyer&#8221; konulu s\u00f6yle\u015fi ger\u00e7ekle\u015ftirildi. \u0130\u0130BF Konferans Salonu\u2019nda \u0130ktisadi ve \u0130dari Bilimler Toplulu\u011fu taraf\u0131ndan d\u00fczenlenen etkinli\u011fe, Fak\u00fclte Dekan\u0131 Prof. Dr. Ercan Ta\u015fk\u0131n, akademisyenler ve \u00e7ok say\u0131da \u00f6\u011frenci kat\u0131ld\u0131. Program\u0131n a\u00e7\u0131l\u0131\u015f\u0131nda konu\u015fan Prof. Dr. Ercan Ta\u015fk\u0131n, \u00f6\u011frencilerin kariyer planlamalar\u0131nda kamu kurumlar\u0131n\u0131n&#8230;<\/p>\n","protected":false},"author":1,"featured_media":63556,"comment_status":"open","ping_status":"open","sticky":false,"template":"","format":"standard","meta":{"_crdt_document":"","footnotes":""},"categories":[123],"tags":[],"class_list":["post-63555","post","type-post","status-publish","format-standard","has-post-thumbnail","hentry","category-gundem"],"_links":{"self":[{"href":"https:\/\/www.egemtv.com\/index.php?rest_route=\/wp\/v2\/posts\/63555","targetHints":{"allow":["GET"]}}],"collection":[{"href":"https:\/\/www.egemtv.com\/index.php?rest_route=\/wp\/v2\/posts"}],"about":[{"href":"https:\/\/www.egemtv.com\/index.php?rest_route=\/wp\/v2\/types\/post"}],"author":[{"embeddable":true,"href":"https:\/\/www.egemtv.com\/index.php?rest_route=\/wp\/v2\/users\/1"}],"replies":[{"embeddable":true,"href":"https:\/\/www.egemtv.com\/index.php?rest_route=%2Fwp%2Fv2%2Fcomments&post=63555"}],"version-history":[{"count":1,"href":"https:\/\/www.egemtv.com\/index.php?rest_route=\/wp\/v2\/posts\/63555\/revisions"}],"predecessor-version":[{"id":63557,"href":"https:\/\/www.egemtv.com\/index.php?rest_route=\/wp\/v2\/posts\/63555\/revisions\/63557"}],"wp:featuredmedia":[{"embeddable":true,"href":"https:\/\/www.egemtv.com\/index.php?rest_route=\/wp\/v2\/media\/63556"}],"wp:attachment":[{"href":"https:\/\/www.egemtv.com\/index.php?rest_route=%2Fwp%2Fv2%2Fmedia&parent=63555"}],"wp:term":[{"taxonomy":"category","embeddable":true,"href":"https:\/\/www.egemtv.com\/index.php?rest_route=%2Fwp%2Fv2%2Fcategories&post=63555"},{"taxonomy":"post_tag","embeddable":true,"href":"https:\/\/www.egemtv.com\/index.php?rest_route=%2Fwp%2Fv2%2Ftags&post=63555"}],"curies":[{"name":"wp","href":"https:\/\/api.w.org\/{rel}","templated":true}]}}