{"id":63552,"date":"2025-10-24T11:15:24","date_gmt":"2025-10-24T08:15:24","guid":{"rendered":"https:\/\/www.egemtv.com\/?p=63552"},"modified":"2025-10-24T11:15:26","modified_gmt":"2025-10-24T08:15:26","slug":"jandarmadan-vefa-ornegi","status":"publish","type":"post","link":"https:\/\/www.egemtv.com\/?p=63552","title":{"rendered":"Jandarmadan \u2018vefa\u2019 \u00f6rne\u011fi"},"content":{"rendered":"<p>Ayd\u0131n\u2019\u0131n Karacasu il\u00e7esinde ikamet eden K\u0131br\u0131s gazileri ve \u015fehit ailelerini unutmayan jandarma ekipleri, vefa \u00f6rne\u011fi sergiledi.<\/p>\n<p>Ayd\u0131n \u0130l Jandarma Komutanl\u0131\u011f\u0131 koordinesinde y\u00fcr\u00fct\u00fclen \u2018vefa\u2019 ziyaretleri aral\u0131ks\u0131z s\u00fcr\u00fcyor. Bu kapsamda Karacasu \u0130l\u00e7e Jandarma Komutanl\u0131\u011f\u0131 personeli taraf\u0131ndan K\u0131br\u0131s Gazileri Adem K\u00f6fte, Nurettin Zeybek\u00e7i, Osman \u00c7o\u015fkun ve \u015fehit aileleri S\u00fcleyman Ceylan, Osman Aykan, Aysel K\u0131l\u0131\u00e7 ziyaret edildi. Ziyarette \u015fehitler an\u0131l\u0131rken, \u015fehit aileleri ve gazilere ihtiya\u00e7 ve istekleri soruldu. Ayr\u0131ca jandarman\u0131n her zaman \u015fehit aileleri ve gazilerin yanlar\u0131nda oldu\u011fu vurguland\u0131.<br \/><\/p>\n","protected":false},"excerpt":{"rendered":"<p>Ayd\u0131n\u2019\u0131n Karacasu il\u00e7esinde ikamet eden K\u0131br\u0131s gazileri ve \u015fehit ailelerini unutmayan jandarma ekipleri, vefa \u00f6rne\u011fi sergiledi. Ayd\u0131n \u0130l Jandarma Komutanl\u0131\u011f\u0131 koordinesinde y\u00fcr\u00fct\u00fclen \u2018vefa\u2019 ziyaretleri aral\u0131ks\u0131z s\u00fcr\u00fcyor. Bu kapsamda Karacasu \u0130l\u00e7e Jandarma Komutanl\u0131\u011f\u0131 personeli taraf\u0131ndan K\u0131br\u0131s Gazileri Adem K\u00f6fte, Nurettin Zeybek\u00e7i, Osman \u00c7o\u015fkun ve \u015fehit aileleri S\u00fcleyman Ceylan, Osman Aykan, Aysel K\u0131l\u0131\u00e7 ziyaret edildi. Ziyarette \u015fehitler&#8230;<\/p>\n","protected":false},"author":1,"featured_media":63553,"comment_status":"open","ping_status":"open","sticky":false,"template":"","format":"standard","meta":{"_crdt_document":"","footnotes":""},"categories":[1],"tags":[],"class_list":["post-63552","post","type-post","status-publish","format-standard","has-post-thumbnail","hentry","category-guncel"],"_links":{"self":[{"href":"https:\/\/www.egemtv.com\/index.php?rest_route=\/wp\/v2\/posts\/63552","targetHints":{"allow":["GET"]}}],"collection":[{"href":"https:\/\/www.egemtv.com\/index.php?rest_route=\/wp\/v2\/posts"}],"about":[{"href":"https:\/\/www.egemtv.com\/index.php?rest_route=\/wp\/v2\/types\/post"}],"author":[{"embeddable":true,"href":"https:\/\/www.egemtv.com\/index.php?rest_route=\/wp\/v2\/users\/1"}],"replies":[{"embeddable":true,"href":"https:\/\/www.egemtv.com\/index.php?rest_route=%2Fwp%2Fv2%2Fcomments&post=63552"}],"version-history":[{"count":1,"href":"https:\/\/www.egemtv.com\/index.php?rest_route=\/wp\/v2\/posts\/63552\/revisions"}],"predecessor-version":[{"id":63554,"href":"https:\/\/www.egemtv.com\/index.php?rest_route=\/wp\/v2\/posts\/63552\/revisions\/63554"}],"wp:featuredmedia":[{"embeddable":true,"href":"https:\/\/www.egemtv.com\/index.php?rest_route=\/wp\/v2\/media\/63553"}],"wp:attachment":[{"href":"https:\/\/www.egemtv.com\/index.php?rest_route=%2Fwp%2Fv2%2Fmedia&parent=63552"}],"wp:term":[{"taxonomy":"category","embeddable":true,"href":"https:\/\/www.egemtv.com\/index.php?rest_route=%2Fwp%2Fv2%2Fcategories&post=63552"},{"taxonomy":"post_tag","embeddable":true,"href":"https:\/\/www.egemtv.com\/index.php?rest_route=%2Fwp%2Fv2%2Ftags&post=63552"}],"curies":[{"name":"wp","href":"https:\/\/api.w.org\/{rel}","templated":true}]}}