{"id":6355,"date":"2025-01-10T13:29:39","date_gmt":"2025-01-10T10:29:39","guid":{"rendered":"https:\/\/www.egemtv.com\/?p=6355"},"modified":"2025-01-10T13:29:42","modified_gmt":"2025-01-10T10:29:42","slug":"vali-aktas-mulki-idare-amirlerimiz-toplumun-ihtiyaclari-icin-fedakarca-calisiyor","status":"publish","type":"post","link":"https:\/\/www.egemtv.com\/?p=6355","title":{"rendered":"Vali Akta\u015f; &#8220;M\u00fclki idare amirlerimiz toplumun ihtiya\u00e7lar\u0131 i\u00e7in fedakarca \u00e7al\u0131\u015f\u0131yor&#8221;"},"content":{"rendered":"<p>U\u015fak Valisi Naci Akta\u015f; &#8220;M\u00fclki idare amirlerimiz, toplumun ihtiya\u00e7lar\u0131n\u0131 kar\u015f\u0131lamak, sorunlara \u00e7\u00f6z\u00fcm \u00fcretmek ve vatanda\u015flar\u0131m\u0131z\u0131n refah\u0131n\u0131 art\u0131rmak ad\u0131na gece g\u00fcnd\u00fcz fedak\u00e2rca \u00e7al\u0131\u015fmaktad\u0131r&#8221; dedi.<\/p>\n<p>U\u015fak Valisi Naci Akta\u015f, 10 Ocak \u0130dareciler G\u00fcn\u00fc dolay\u0131s\u0131yla mesaj yay\u0131mlad\u0131. U\u015fak Valisi Naci Akta\u015f yay\u0131mlam\u0131\u015f oldu\u011fu mesajda \u015fu ifadelere yer verdi; \u201c\u00dclkemizin d\u00f6rt bir yan\u0131nda Devletimizin temsilcisi olarak Aziz Milletimize hizmet eden, halk\u0131m\u0131zla Devletimiz aras\u0131nda k\u00f6pr\u00fc kurarak adalet, g\u00fcven ve huzurun teminat\u0131 olan sizlerin 10 Ocak \u0130dareciler G\u00fcn\u00fcn\u00fc kutluyorum. M\u00fclki idare amirlerimiz, toplumun ihtiya\u00e7lar\u0131n\u0131 kar\u015f\u0131lamak, sorunlara \u00e7\u00f6z\u00fcm \u00fcretmek ve vatanda\u015flar\u0131m\u0131z\u0131n refah\u0131n\u0131 art\u0131rmak ad\u0131na gece g\u00fcnd\u00fcz fedak\u00e2rca \u00e7al\u0131\u015fmaktad\u0131r. Kamu hizmetlerini adil, etkin ve h\u0131zl\u0131 bir \u015fekilde sunarken g\u00f6sterdikleri \u00f6zveri, her daim aziz milletimizin takdirini kazanm\u0131\u015ft\u0131r. Bu anlaml\u0131 g\u00fcnde, g\u00f6revlerini ifa ederken \u015fehit olan m\u00fclki idare amirlerimizi rahmetle ve minnetle an\u0131yorum. Devletimizle Aziz Milletimiz aras\u0131nda g\u00fc\u00e7l\u00fc ba\u011flar kuran t\u00fcm M\u00fclki \u0130dare Amirlerimizi tebrik ediyor, nice ba\u015far\u0131l\u0131 hizmetlere vesile olmalar\u0131n\u0131 temenni ediyorum\u201d ifadelerini kulland\u0131.<br \/>\n<br \/><img fetchpriority=\"high\" decoding=\"async\" width=\"1280\" height=\"1303\" src=\"https:\/\/www.egemtv.com\/wp-content\/uploads\/2025\/01\/vali-aktas-mulki-idare-amirlerimiz-toplumun-ihtiyaclari-icin-fedakarca-calisiyor_51d7a2f1b448.jpg\" class=\"attachment-full size-full not-transparent\" alt=\"\" data-has-transparency=\"false\" data-dominant-color=\"e4dcdb\" style=\"--dominant-color: #e4dcdb\" \/><\/p>\n","protected":false},"excerpt":{"rendered":"<p>U\u015fak Valisi Naci Akta\u015f; &#8220;M\u00fclki idare amirlerimiz, toplumun ihtiya\u00e7lar\u0131n\u0131 kar\u015f\u0131lamak, sorunlara \u00e7\u00f6z\u00fcm \u00fcretmek ve vatanda\u015flar\u0131m\u0131z\u0131n refah\u0131n\u0131 art\u0131rmak ad\u0131na gece g\u00fcnd\u00fcz fedak\u00e2rca \u00e7al\u0131\u015fmaktad\u0131r&#8221; dedi. U\u015fak Valisi Naci Akta\u015f, 10 Ocak \u0130dareciler G\u00fcn\u00fc dolay\u0131s\u0131yla mesaj yay\u0131mlad\u0131. U\u015fak Valisi Naci Akta\u015f yay\u0131mlam\u0131\u015f oldu\u011fu mesajda \u015fu ifadelere yer verdi; \u201c\u00dclkemizin d\u00f6rt bir yan\u0131nda Devletimizin temsilcisi olarak Aziz Milletimize hizmet&#8230;<\/p>\n","protected":false},"author":1,"featured_media":6356,"comment_status":"open","ping_status":"open","sticky":false,"template":"","format":"standard","meta":{"_crdt_document":"","footnotes":""},"categories":[1],"tags":[],"class_list":["post-6355","post","type-post","status-publish","format-standard","has-post-thumbnail","hentry","category-guncel"],"_links":{"self":[{"href":"https:\/\/www.egemtv.com\/index.php?rest_route=\/wp\/v2\/posts\/6355","targetHints":{"allow":["GET"]}}],"collection":[{"href":"https:\/\/www.egemtv.com\/index.php?rest_route=\/wp\/v2\/posts"}],"about":[{"href":"https:\/\/www.egemtv.com\/index.php?rest_route=\/wp\/v2\/types\/post"}],"author":[{"embeddable":true,"href":"https:\/\/www.egemtv.com\/index.php?rest_route=\/wp\/v2\/users\/1"}],"replies":[{"embeddable":true,"href":"https:\/\/www.egemtv.com\/index.php?rest_route=%2Fwp%2Fv2%2Fcomments&post=6355"}],"version-history":[{"count":1,"href":"https:\/\/www.egemtv.com\/index.php?rest_route=\/wp\/v2\/posts\/6355\/revisions"}],"predecessor-version":[{"id":6358,"href":"https:\/\/www.egemtv.com\/index.php?rest_route=\/wp\/v2\/posts\/6355\/revisions\/6358"}],"wp:featuredmedia":[{"embeddable":true,"href":"https:\/\/www.egemtv.com\/index.php?rest_route=\/wp\/v2\/media\/6356"}],"wp:attachment":[{"href":"https:\/\/www.egemtv.com\/index.php?rest_route=%2Fwp%2Fv2%2Fmedia&parent=6355"}],"wp:term":[{"taxonomy":"category","embeddable":true,"href":"https:\/\/www.egemtv.com\/index.php?rest_route=%2Fwp%2Fv2%2Fcategories&post=6355"},{"taxonomy":"post_tag","embeddable":true,"href":"https:\/\/www.egemtv.com\/index.php?rest_route=%2Fwp%2Fv2%2Ftags&post=6355"}],"curies":[{"name":"wp","href":"https:\/\/api.w.org\/{rel}","templated":true}]}}