{"id":63549,"date":"2025-10-24T11:15:21","date_gmt":"2025-10-24T08:15:21","guid":{"rendered":"https:\/\/www.egemtv.com\/?p=63549"},"modified":"2025-10-24T11:15:23","modified_gmt":"2025-10-24T08:15:23","slug":"yolcu-otobusunde-600-gram-uyusturucu-madde-ele-gecirildi","status":"publish","type":"post","link":"https:\/\/www.egemtv.com\/?p=63549","title":{"rendered":"Yolcu otob\u00fcs\u00fcnde 600 gram uyu\u015fturucu madde ele ge\u00e7irildi"},"content":{"rendered":"<p>Afyonkarahisar\u2019da polis taraf\u0131ndan 600 gram uyu\u015fturucu madde ele ge\u00e7irildi.<br \/>\n<br \/>Edinilen bilgilere g\u00f6re, polis taraf\u0131ndan kent merkezinde olu\u015fturulan uygulama noktas\u0131nda durdurulan bir yolcu otob\u00fcs\u00fcnde arama yapt\u0131. Aramada bir valiz i\u00e7erisinde 600 gram uyu\u015fturucu madde ele ge\u00e7irildi. Olay\u0131n ard\u0131ndan O.K., isimli \u015fah\u0131s polis taraf\u0131ndan g\u00f6zalt\u0131na al\u0131nd\u0131. \u015eahs\u0131n emniyetteki i\u015flemlerinin devam etti\u011fi bildirildi.<br \/><\/p>\n","protected":false},"excerpt":{"rendered":"<p>Afyonkarahisar\u2019da polis taraf\u0131ndan 600 gram uyu\u015fturucu madde ele ge\u00e7irildi. Edinilen bilgilere g\u00f6re, polis taraf\u0131ndan kent merkezinde olu\u015fturulan uygulama noktas\u0131nda durdurulan bir yolcu otob\u00fcs\u00fcnde arama yapt\u0131. Aramada bir valiz i\u00e7erisinde 600 gram uyu\u015fturucu madde ele ge\u00e7irildi. Olay\u0131n ard\u0131ndan O.K., isimli \u015fah\u0131s polis taraf\u0131ndan g\u00f6zalt\u0131na al\u0131nd\u0131. \u015eahs\u0131n emniyetteki i\u015flemlerinin devam etti\u011fi bildirildi.<\/p>\n","protected":false},"author":1,"featured_media":63550,"comment_status":"open","ping_status":"open","sticky":false,"template":"","format":"standard","meta":{"_crdt_document":"","footnotes":""},"categories":[5],"tags":[],"class_list":["post-63549","post","type-post","status-publish","format-standard","has-post-thumbnail","hentry","category-asayis"],"_links":{"self":[{"href":"https:\/\/www.egemtv.com\/index.php?rest_route=\/wp\/v2\/posts\/63549","targetHints":{"allow":["GET"]}}],"collection":[{"href":"https:\/\/www.egemtv.com\/index.php?rest_route=\/wp\/v2\/posts"}],"about":[{"href":"https:\/\/www.egemtv.com\/index.php?rest_route=\/wp\/v2\/types\/post"}],"author":[{"embeddable":true,"href":"https:\/\/www.egemtv.com\/index.php?rest_route=\/wp\/v2\/users\/1"}],"replies":[{"embeddable":true,"href":"https:\/\/www.egemtv.com\/index.php?rest_route=%2Fwp%2Fv2%2Fcomments&post=63549"}],"version-history":[{"count":1,"href":"https:\/\/www.egemtv.com\/index.php?rest_route=\/wp\/v2\/posts\/63549\/revisions"}],"predecessor-version":[{"id":63551,"href":"https:\/\/www.egemtv.com\/index.php?rest_route=\/wp\/v2\/posts\/63549\/revisions\/63551"}],"wp:featuredmedia":[{"embeddable":true,"href":"https:\/\/www.egemtv.com\/index.php?rest_route=\/wp\/v2\/media\/63550"}],"wp:attachment":[{"href":"https:\/\/www.egemtv.com\/index.php?rest_route=%2Fwp%2Fv2%2Fmedia&parent=63549"}],"wp:term":[{"taxonomy":"category","embeddable":true,"href":"https:\/\/www.egemtv.com\/index.php?rest_route=%2Fwp%2Fv2%2Fcategories&post=63549"},{"taxonomy":"post_tag","embeddable":true,"href":"https:\/\/www.egemtv.com\/index.php?rest_route=%2Fwp%2Fv2%2Ftags&post=63549"}],"curies":[{"name":"wp","href":"https:\/\/api.w.org\/{rel}","templated":true}]}}