{"id":63546,"date":"2025-10-24T11:15:18","date_gmt":"2025-10-24T08:15:18","guid":{"rendered":"https:\/\/www.egemtv.com\/?p=63546"},"modified":"2025-10-24T11:15:20","modified_gmt":"2025-10-24T08:15:20","slug":"muglada-merkezim-her-yerde-projesiyle-koy-okuluna-nese-geldi","status":"publish","type":"post","link":"https:\/\/www.egemtv.com\/?p=63546","title":{"rendered":"Mu\u011fla\u2019da \u2019Merkezim Her Yerde\u2019 projesiyle k\u00f6y okuluna ne\u015fe geldi"},"content":{"rendered":"<p>Mu\u011fla\u2019n\u0131n Mente\u015fe il\u00e7esinde, Uluslararas\u0131 Gen\u00e7lik Merkezi ve Turgutreis \u00d6\u011frenci Yurdu g\u00f6n\u00fcll\u00fc gen\u00e7leri, \u2019Renkli K\u00f6y Okullar\u0131\u2019 etkinli\u011fi kapsam\u0131nda Denizova \u0130lkokulu \u00f6\u011frencileriyle bir araya gelerek unutulmaz bir g\u00fcn ya\u015fatt\u0131.<\/p>\n<p>Gen\u00e7lik ve Spor \u0130l\u00e7e M\u00fcd\u00fcrl\u00fc\u011f\u00fc \u00e7at\u0131s\u0131 alt\u0131nda faaliyet g\u00f6steren Uluslararas\u0131 Gen\u00e7lik Merkezi g\u00f6n\u00fcll\u00fcleri ile Turgutreis \u00d6\u011frenci Yurdu\u2019nun g\u00f6n\u00fcll\u00fc gen\u00e7leri, sosyal sorumluluk bilinciyle hareket ederek Denizova \u0130lkokulu\u2019nu ziyaret etti. \u2019Merkezim Her Yerde\u2019 slogan\u0131yla ger\u00e7ekle\u015ftirilen etkinlikte, k\u00f6y okulu \u00f6\u011frencileri k\u00fclt\u00fcrel, sanatsal ve sportif faaliyetlerle dolu verimli ve e\u011flenceli bir g\u00fcn ge\u00e7irdi. G\u00f6n\u00fcll\u00fc gen\u00e7ler taraf\u0131ndan organize edilen program kapsam\u0131nda \u00f6\u011frenciler, \u00e7e\u015fitli at\u00f6lye \u00e7al\u0131\u015fmalar\u0131na kat\u0131ld\u0131, birbirinden keyifli oyunlar oynad\u0131, farkl\u0131 spor aktiviteleri ile enerjilerini att\u0131. D\u00fczenlenen bu etkinlikler sayesinde \u00e7ocuklar\u0131n tak\u0131m ruhu, \u00f6zg\u00fcven ve becerilerini geli\u015ftirmede \u00f6nemli katk\u0131lar sa\u011fland\u0131.<\/p>\n<p>Uluslararas\u0131 Gen\u00e7lik Merkezi yetkilileri, bu t\u00fcr sosyal sorumluluk projelerinin g\u00f6n\u00fcll\u00fc gen\u00e7lerin sosyal fark\u0131ndal\u0131\u011f\u0131n\u0131 art\u0131rmak ve \u00e7ocuklar aras\u0131nda payla\u015f\u0131m k\u00fclt\u00fcr\u00fcn\u00fc g\u00fc\u00e7lendirmek ad\u0131na b\u00fcy\u00fck \u00f6nem ta\u015f\u0131d\u0131\u011f\u0131n\u0131 vurgulad\u0131. Yetkililer, bu kapsamdaki etkinliklerin d\u00fczenli olarak s\u00fcrd\u00fcr\u00fclece\u011fini belirtti.<\/p>\n<p>Program, \u00f6\u011frencilerin ve g\u00f6n\u00fcll\u00fc gen\u00e7lerin g\u00fcn\u00fcn an\u0131s\u0131na hep birlikte hat\u0131ra foto\u011fraf\u0131 \u00e7ektirmesiyle sona erdi.<br \/><\/p>\n","protected":false},"excerpt":{"rendered":"<p>Mu\u011fla\u2019n\u0131n Mente\u015fe il\u00e7esinde, Uluslararas\u0131 Gen\u00e7lik Merkezi ve Turgutreis \u00d6\u011frenci Yurdu g\u00f6n\u00fcll\u00fc gen\u00e7leri, \u2019Renkli K\u00f6y Okullar\u0131\u2019 etkinli\u011fi kapsam\u0131nda Denizova \u0130lkokulu \u00f6\u011frencileriyle bir araya gelerek unutulmaz bir g\u00fcn ya\u015fatt\u0131. Gen\u00e7lik ve Spor \u0130l\u00e7e M\u00fcd\u00fcrl\u00fc\u011f\u00fc \u00e7at\u0131s\u0131 alt\u0131nda faaliyet g\u00f6steren Uluslararas\u0131 Gen\u00e7lik Merkezi g\u00f6n\u00fcll\u00fcleri ile Turgutreis \u00d6\u011frenci Yurdu\u2019nun g\u00f6n\u00fcll\u00fc gen\u00e7leri, sosyal sorumluluk bilinciyle hareket ederek Denizova \u0130lkokulu\u2019nu ziyaret etti&#8230;.<\/p>\n","protected":false},"author":1,"featured_media":63547,"comment_status":"open","ping_status":"open","sticky":false,"template":"","format":"standard","meta":{"_crdt_document":"","footnotes":""},"categories":[1],"tags":[],"class_list":["post-63546","post","type-post","status-publish","format-standard","has-post-thumbnail","hentry","category-guncel"],"_links":{"self":[{"href":"https:\/\/www.egemtv.com\/index.php?rest_route=\/wp\/v2\/posts\/63546","targetHints":{"allow":["GET"]}}],"collection":[{"href":"https:\/\/www.egemtv.com\/index.php?rest_route=\/wp\/v2\/posts"}],"about":[{"href":"https:\/\/www.egemtv.com\/index.php?rest_route=\/wp\/v2\/types\/post"}],"author":[{"embeddable":true,"href":"https:\/\/www.egemtv.com\/index.php?rest_route=\/wp\/v2\/users\/1"}],"replies":[{"embeddable":true,"href":"https:\/\/www.egemtv.com\/index.php?rest_route=%2Fwp%2Fv2%2Fcomments&post=63546"}],"version-history":[{"count":1,"href":"https:\/\/www.egemtv.com\/index.php?rest_route=\/wp\/v2\/posts\/63546\/revisions"}],"predecessor-version":[{"id":63548,"href":"https:\/\/www.egemtv.com\/index.php?rest_route=\/wp\/v2\/posts\/63546\/revisions\/63548"}],"wp:featuredmedia":[{"embeddable":true,"href":"https:\/\/www.egemtv.com\/index.php?rest_route=\/wp\/v2\/media\/63547"}],"wp:attachment":[{"href":"https:\/\/www.egemtv.com\/index.php?rest_route=%2Fwp%2Fv2%2Fmedia&parent=63546"}],"wp:term":[{"taxonomy":"category","embeddable":true,"href":"https:\/\/www.egemtv.com\/index.php?rest_route=%2Fwp%2Fv2%2Fcategories&post=63546"},{"taxonomy":"post_tag","embeddable":true,"href":"https:\/\/www.egemtv.com\/index.php?rest_route=%2Fwp%2Fv2%2Ftags&post=63546"}],"curies":[{"name":"wp","href":"https:\/\/api.w.org\/{rel}","templated":true}]}}