{"id":63540,"date":"2025-10-24T11:15:13","date_gmt":"2025-10-24T08:15:13","guid":{"rendered":"https:\/\/www.egemtv.com\/?p=63540"},"modified":"2025-10-24T11:15:15","modified_gmt":"2025-10-24T08:15:15","slug":"acipayam-belediyesinin-duzeltmedigi-yolu-vatandaslar-kendi-imkanlariyla-duzelti","status":"publish","type":"post","link":"https:\/\/www.egemtv.com\/?p=63540","title":{"rendered":"Ac\u0131payam Belediyesinin d\u00fczeltmedi\u011fi yolu vatanda\u015flar kendi imk\u00e2nlar\u0131yla d\u00fczelti"},"content":{"rendered":"<p>Denizli\u2019nin Ac\u0131payam il\u00e7esinde, ya\u011fmur sular\u0131 ve ta\u015flar sebebiyle kullan\u0131lamayacak \u015fekilde bozulan yolun d\u00fczeltilmesi i\u00e7in devalarca belediyeye ba\u015fvuran ve ba\u015fvurular\u0131 dikkate al\u0131nmayan vatanda\u015flar  \u00e7areyi kendilerinin saatlik olarak kiralad\u0131klar\u0131 i\u015f makinas\u0131yla d\u00fczeltmekte buldu.<br \/>\n<br \/>Denizli\u2019nin Ac\u0131payam \u0130l\u00e7esi \u00c7aml\u0131k Mahallesi Evkara Mevkiinde ki arazi ula\u015f\u0131m yolu ya\u011fmur sular\u0131 ve ta\u015flar sebebiyle kullan\u0131lamayacak duruma geldi. Tarlalar\u0131na ula\u015f\u0131mda zorluk ya\u015fayan \u00c7aml\u0131k Mahallesi vatanda\u015flar\u0131 Ac\u0131payam Belediyesine defalarca yolun d\u00fczeltilmesi i\u00e7in ba\u015fvuruda bulundu. Ac\u0131payam Belediyesi taraf\u0131ndan ba\u015fvurular\u0131 dikkate al\u0131nmayan mahalle halk\u0131 \u00f6zel bir \u015firketten saatlik \u00fccretini kendileri \u00f6deyerek i\u015f makinas\u0131 kiralad\u0131. Kiralad\u0131klar\u0131 i\u015f makinas\u0131 ve kendilerine ait trakt\u00f6rlerle yolu d\u00fczelteme \u00e7al\u0131\u015fmas\u0131 yapt\u0131lar. Kendi imk\u00e2nlar\u0131yla organize olan mahalle sakinleri, trakt\u00f6r ve i\u015f makineleriyle yolu a\u00e7arak ula\u015f\u0131m\u0131 sa\u011flad\u0131. Belediyenin yapmas\u0131 gerekti\u011fi g\u00f6revi kendi imkanlar\u0131yla yapan mahalle halk\u0131 \u2018\u00c7aml\u0131k Evkara Belediyesi hizmete ba\u015flad\u0131\u2019 ifadelerini kulland\u0131.<br \/><\/p>\n","protected":false},"excerpt":{"rendered":"<p>Denizli\u2019nin Ac\u0131payam il\u00e7esinde, ya\u011fmur sular\u0131 ve ta\u015flar sebebiyle kullan\u0131lamayacak \u015fekilde bozulan yolun d\u00fczeltilmesi i\u00e7in devalarca belediyeye ba\u015fvuran ve ba\u015fvurular\u0131 dikkate al\u0131nmayan vatanda\u015flar \u00e7areyi kendilerinin saatlik olarak kiralad\u0131klar\u0131 i\u015f makinas\u0131yla d\u00fczeltmekte buldu. Denizli\u2019nin Ac\u0131payam \u0130l\u00e7esi \u00c7aml\u0131k Mahallesi Evkara Mevkiinde ki arazi ula\u015f\u0131m yolu ya\u011fmur sular\u0131 ve ta\u015flar sebebiyle kullan\u0131lamayacak duruma geldi. Tarlalar\u0131na ula\u015f\u0131mda zorluk ya\u015fayan \u00c7aml\u0131k&#8230;<\/p>\n","protected":false},"author":1,"featured_media":63541,"comment_status":"open","ping_status":"open","sticky":false,"template":"","format":"standard","meta":{"_crdt_document":"","footnotes":""},"categories":[127],"tags":[],"class_list":["post-63540","post","type-post","status-publish","format-standard","has-post-thumbnail","hentry","category-siyaset"],"_links":{"self":[{"href":"https:\/\/www.egemtv.com\/index.php?rest_route=\/wp\/v2\/posts\/63540","targetHints":{"allow":["GET"]}}],"collection":[{"href":"https:\/\/www.egemtv.com\/index.php?rest_route=\/wp\/v2\/posts"}],"about":[{"href":"https:\/\/www.egemtv.com\/index.php?rest_route=\/wp\/v2\/types\/post"}],"author":[{"embeddable":true,"href":"https:\/\/www.egemtv.com\/index.php?rest_route=\/wp\/v2\/users\/1"}],"replies":[{"embeddable":true,"href":"https:\/\/www.egemtv.com\/index.php?rest_route=%2Fwp%2Fv2%2Fcomments&post=63540"}],"version-history":[{"count":1,"href":"https:\/\/www.egemtv.com\/index.php?rest_route=\/wp\/v2\/posts\/63540\/revisions"}],"predecessor-version":[{"id":63542,"href":"https:\/\/www.egemtv.com\/index.php?rest_route=\/wp\/v2\/posts\/63540\/revisions\/63542"}],"wp:featuredmedia":[{"embeddable":true,"href":"https:\/\/www.egemtv.com\/index.php?rest_route=\/wp\/v2\/media\/63541"}],"wp:attachment":[{"href":"https:\/\/www.egemtv.com\/index.php?rest_route=%2Fwp%2Fv2%2Fmedia&parent=63540"}],"wp:term":[{"taxonomy":"category","embeddable":true,"href":"https:\/\/www.egemtv.com\/index.php?rest_route=%2Fwp%2Fv2%2Fcategories&post=63540"},{"taxonomy":"post_tag","embeddable":true,"href":"https:\/\/www.egemtv.com\/index.php?rest_route=%2Fwp%2Fv2%2Ftags&post=63540"}],"curies":[{"name":"wp","href":"https:\/\/api.w.org\/{rel}","templated":true}]}}