{"id":63531,"date":"2025-10-24T10:34:51","date_gmt":"2025-10-24T07:34:51","guid":{"rendered":"https:\/\/www.egemtv.com\/?p=63531"},"modified":"2025-10-24T10:34:53","modified_gmt":"2025-10-24T07:34:53","slug":"sokede-gida-isletmeleri-denetimden-gecti","status":"publish","type":"post","link":"https:\/\/www.egemtv.com\/?p=63531","title":{"rendered":"S\u00f6ke\u2019de g\u0131da i\u015fletmeleri denetimden ge\u00e7ti"},"content":{"rendered":"<p>Ayd\u0131n\u2019\u0131n S\u00f6ke il\u00e7esinde, \u0130l\u00e7e Tar\u0131m ve Orman M\u00fcd\u00fcrl\u00fc\u011f\u00fc ekipleri taraf\u0131ndan g\u0131da g\u00fcvenli\u011finin sa\u011flanmas\u0131 amac\u0131yla i\u015fletmelerde denetim ger\u00e7ekle\u015ftirildi.<\/p>\n<p>Yap\u0131lan kontrollerde, Do\u011fanbey ve Atburgaz\u0131 Mahalleleri\u2019nde faaliyet g\u00f6steren g\u0131da i\u015fletmeleri risk esas\u0131na g\u00f6re incelendi. Denetimlerde i\u015fletmelerin hijyen \u015fartlar\u0131, \u00fcr\u00fcn saklama ve muhafaza y\u00f6ntemleri, \u00e7al\u0131\u015fanlar\u0131n ki\u015fisel hijyen kurallar\u0131 ile g\u0131da \u00fcretim alanlar\u0131n\u0131n uygunlu\u011fu titizlikle de\u011ferlendirildi. S\u00f6ke \u0130l\u00e7e Tar\u0131m ve Orman M\u00fcd\u00fcrl\u00fc\u011f\u00fc\u2019nden yap\u0131lan a\u00e7\u0131klamada, &#8220;5996 say\u0131l\u0131 Kanun kapsam\u0131nda, Do\u011fanbey ve Atburgaz\u0131 Mahallelerimizdeki g\u0131da i\u015fletmeleri risk sistemine dayal\u0131 olarak denetlendi&#8221; ifadelerine yer verildi.<\/p>\n<p>\u0130l\u00e7e Tar\u0131m ve Orman M\u00fcd\u00fcrl\u00fc\u011f\u00fc yetkilileri, toplum sa\u011fl\u0131\u011f\u0131n\u0131 ilgilendiren konularda hassasiyetin en \u00fcst d\u00fczeyde s\u00fcrd\u00fcr\u00fcld\u00fc\u011f\u00fcn\u00fc ve vatanda\u015flar\u0131n sa\u011fl\u0131kl\u0131 ve g\u00fcvenilir g\u0131daya ula\u015fmas\u0131 i\u00e7in denetimlerin kararl\u0131l\u0131kla devam edece\u011fini ifade etti.<br \/><\/p>\n","protected":false},"excerpt":{"rendered":"<p>Ayd\u0131n\u2019\u0131n S\u00f6ke il\u00e7esinde, \u0130l\u00e7e Tar\u0131m ve Orman M\u00fcd\u00fcrl\u00fc\u011f\u00fc ekipleri taraf\u0131ndan g\u0131da g\u00fcvenli\u011finin sa\u011flanmas\u0131 amac\u0131yla i\u015fletmelerde denetim ger\u00e7ekle\u015ftirildi. Yap\u0131lan kontrollerde, Do\u011fanbey ve Atburgaz\u0131 Mahalleleri\u2019nde faaliyet g\u00f6steren g\u0131da i\u015fletmeleri risk esas\u0131na g\u00f6re incelendi. Denetimlerde i\u015fletmelerin hijyen \u015fartlar\u0131, \u00fcr\u00fcn saklama ve muhafaza y\u00f6ntemleri, \u00e7al\u0131\u015fanlar\u0131n ki\u015fisel hijyen kurallar\u0131 ile g\u0131da \u00fcretim alanlar\u0131n\u0131n uygunlu\u011fu titizlikle de\u011ferlendirildi. S\u00f6ke \u0130l\u00e7e Tar\u0131m ve&#8230;<\/p>\n","protected":false},"author":1,"featured_media":63532,"comment_status":"open","ping_status":"open","sticky":false,"template":"","format":"standard","meta":{"_crdt_document":"","footnotes":""},"categories":[1],"tags":[],"class_list":["post-63531","post","type-post","status-publish","format-standard","has-post-thumbnail","hentry","category-guncel"],"_links":{"self":[{"href":"https:\/\/www.egemtv.com\/index.php?rest_route=\/wp\/v2\/posts\/63531","targetHints":{"allow":["GET"]}}],"collection":[{"href":"https:\/\/www.egemtv.com\/index.php?rest_route=\/wp\/v2\/posts"}],"about":[{"href":"https:\/\/www.egemtv.com\/index.php?rest_route=\/wp\/v2\/types\/post"}],"author":[{"embeddable":true,"href":"https:\/\/www.egemtv.com\/index.php?rest_route=\/wp\/v2\/users\/1"}],"replies":[{"embeddable":true,"href":"https:\/\/www.egemtv.com\/index.php?rest_route=%2Fwp%2Fv2%2Fcomments&post=63531"}],"version-history":[{"count":1,"href":"https:\/\/www.egemtv.com\/index.php?rest_route=\/wp\/v2\/posts\/63531\/revisions"}],"predecessor-version":[{"id":63533,"href":"https:\/\/www.egemtv.com\/index.php?rest_route=\/wp\/v2\/posts\/63531\/revisions\/63533"}],"wp:featuredmedia":[{"embeddable":true,"href":"https:\/\/www.egemtv.com\/index.php?rest_route=\/wp\/v2\/media\/63532"}],"wp:attachment":[{"href":"https:\/\/www.egemtv.com\/index.php?rest_route=%2Fwp%2Fv2%2Fmedia&parent=63531"}],"wp:term":[{"taxonomy":"category","embeddable":true,"href":"https:\/\/www.egemtv.com\/index.php?rest_route=%2Fwp%2Fv2%2Fcategories&post=63531"},{"taxonomy":"post_tag","embeddable":true,"href":"https:\/\/www.egemtv.com\/index.php?rest_route=%2Fwp%2Fv2%2Ftags&post=63531"}],"curies":[{"name":"wp","href":"https:\/\/api.w.org\/{rel}","templated":true}]}}