{"id":63525,"date":"2025-10-24T10:15:05","date_gmt":"2025-10-24T07:15:05","guid":{"rendered":"https:\/\/www.egemtv.com\/?p=63525"},"modified":"2025-10-24T10:15:07","modified_gmt":"2025-10-24T07:15:07","slug":"aydinda-evde-saglik-hizmetleri-hemsireligi-egitim-programi-tamamlandi","status":"publish","type":"post","link":"https:\/\/www.egemtv.com\/?p=63525","title":{"rendered":"Ayd\u0131n\u2019da Evde Sa\u011fl\u0131k Hizmetleri Hem\u015fireli\u011fi e\u011fitim program\u0131 tamamland\u0131"},"content":{"rendered":"<p>Ayd\u0131n Atat\u00fcrk Devlet Hastanesi taraf\u0131ndan d\u00fczenlenen \u2019Evde Sa\u011fl\u0131k Hizmetleri Hem\u015fireli\u011fi Sertifikal\u0131 E\u011fitim Program\u0131\u2019n\u0131n sekizincisi tamamlan\u0131rken, program\u0131n kapan\u0131\u015f t\u00f6reninde kursiyerler sertifikalar\u0131n\u0131 ald\u0131.<\/p>\n<p>Evde sa\u011fl\u0131k hizmetlerinde g\u00f6rev alacak hem\u015firelerin mesleki bilgi ve becerilerini geli\u015ftirmeyi ama\u00e7layan sertifikal\u0131 e\u011fitim program\u0131, Ayd\u0131n Atat\u00fcrk Devlet Hastanesi ev sahipli\u011finde ger\u00e7ekle\u015ftirildi. Kapan\u0131\u015f t\u00f6renine kat\u0131lan \u0130l Sa\u011fl\u0131k M\u00fcd\u00fcr\u00fc Dr. Eser \u015eenkul, kursiyerleri ba\u015far\u0131lar\u0131ndan dolay\u0131 tebrik ederek sertifikalar\u0131n\u0131 takdim etti. 2017 y\u0131l\u0131ndan bu yana s\u00fcrd\u00fcr\u00fclen e\u011fitim program\u0131 kapsam\u0131nda bug\u00fcne kadar toplam 84 sa\u011fl\u0131k personelinin sertifika almaya hak kazand\u0131\u011f\u0131n\u0131 belirten \u015eenkul, e\u011fitim s\u00fcrecine katk\u0131 sunan t\u00fcm e\u011fitmenlere te\u015fekk\u00fcr etti. Eser, kursiyerlere y\u00f6nelik, &#8220;Kursiyerlerimizi tebrik eder, bundan sonraki mesleki ya\u015famlar\u0131nda ba\u015far\u0131lar dilerim&#8221; ifadelerini kulland\u0131.<br \/><\/p>\n","protected":false},"excerpt":{"rendered":"<p>Ayd\u0131n Atat\u00fcrk Devlet Hastanesi taraf\u0131ndan d\u00fczenlenen \u2019Evde Sa\u011fl\u0131k Hizmetleri Hem\u015fireli\u011fi Sertifikal\u0131 E\u011fitim Program\u0131\u2019n\u0131n sekizincisi tamamlan\u0131rken, program\u0131n kapan\u0131\u015f t\u00f6reninde kursiyerler sertifikalar\u0131n\u0131 ald\u0131. Evde sa\u011fl\u0131k hizmetlerinde g\u00f6rev alacak hem\u015firelerin mesleki bilgi ve becerilerini geli\u015ftirmeyi ama\u00e7layan sertifikal\u0131 e\u011fitim program\u0131, Ayd\u0131n Atat\u00fcrk Devlet Hastanesi ev sahipli\u011finde ger\u00e7ekle\u015ftirildi. Kapan\u0131\u015f t\u00f6renine kat\u0131lan \u0130l Sa\u011fl\u0131k M\u00fcd\u00fcr\u00fc Dr. Eser \u015eenkul, kursiyerleri ba\u015far\u0131lar\u0131ndan dolay\u0131&#8230;<\/p>\n","protected":false},"author":1,"featured_media":63526,"comment_status":"open","ping_status":"open","sticky":false,"template":"","format":"standard","meta":{"_crdt_document":"","footnotes":""},"categories":[1],"tags":[],"class_list":["post-63525","post","type-post","status-publish","format-standard","has-post-thumbnail","hentry","category-guncel"],"_links":{"self":[{"href":"https:\/\/www.egemtv.com\/index.php?rest_route=\/wp\/v2\/posts\/63525","targetHints":{"allow":["GET"]}}],"collection":[{"href":"https:\/\/www.egemtv.com\/index.php?rest_route=\/wp\/v2\/posts"}],"about":[{"href":"https:\/\/www.egemtv.com\/index.php?rest_route=\/wp\/v2\/types\/post"}],"author":[{"embeddable":true,"href":"https:\/\/www.egemtv.com\/index.php?rest_route=\/wp\/v2\/users\/1"}],"replies":[{"embeddable":true,"href":"https:\/\/www.egemtv.com\/index.php?rest_route=%2Fwp%2Fv2%2Fcomments&post=63525"}],"version-history":[{"count":1,"href":"https:\/\/www.egemtv.com\/index.php?rest_route=\/wp\/v2\/posts\/63525\/revisions"}],"predecessor-version":[{"id":63527,"href":"https:\/\/www.egemtv.com\/index.php?rest_route=\/wp\/v2\/posts\/63525\/revisions\/63527"}],"wp:featuredmedia":[{"embeddable":true,"href":"https:\/\/www.egemtv.com\/index.php?rest_route=\/wp\/v2\/media\/63526"}],"wp:attachment":[{"href":"https:\/\/www.egemtv.com\/index.php?rest_route=%2Fwp%2Fv2%2Fmedia&parent=63525"}],"wp:term":[{"taxonomy":"category","embeddable":true,"href":"https:\/\/www.egemtv.com\/index.php?rest_route=%2Fwp%2Fv2%2Fcategories&post=63525"},{"taxonomy":"post_tag","embeddable":true,"href":"https:\/\/www.egemtv.com\/index.php?rest_route=%2Fwp%2Fv2%2Ftags&post=63525"}],"curies":[{"name":"wp","href":"https:\/\/api.w.org\/{rel}","templated":true}]}}