{"id":63519,"date":"2025-10-24T09:55:12","date_gmt":"2025-10-24T06:55:12","guid":{"rendered":"https:\/\/www.egemtv.com\/?p=63519"},"modified":"2025-10-24T09:55:13","modified_gmt":"2025-10-24T06:55:13","slug":"ak-partili-cankiri-selde-kaybolan-kaptanoglunun-ailesini-ziyaret-etti","status":"publish","type":"post","link":"https:\/\/www.egemtv.com\/?p=63519","title":{"rendered":"AK Partili \u00c7ank\u0131r\u0131, selde kaybolan Kaptano\u011flu\u2019nun ailesini ziyaret etti"},"content":{"rendered":"<p>AK Parti \u0130zmir Milletvekili Ceyda B\u00f6l\u00fcnmez \u00c7ank\u0131r\u0131, \u0130zmir\u2019in Fo\u00e7a il\u00e7esinde etkili olan yo\u011fun ya\u011f\u0131\u015flar\u0131n ard\u0131ndan meydana gelen sel felaketinde kaybolan 70 ya\u015f\u0131ndaki B\u00fclent Kaptano\u011flu\u2019nun ailesini ziyaret etti.<br \/>\n<br \/>Fo\u00e7a il\u00e7esi Mustafa Kemal Atat\u00fcrk, Fevzi \u00c7akmak ve Cumhuriyet mahallelerinde d\u00fcn \u00f6\u011fleye do\u011fru ba\u015flayan sa\u011fanak ya\u011f\u0131\u015f sele neden oldu. Metrekareye 144 kilogram ya\u011f\u0131\u015f\u0131n d\u00fc\u015ft\u00fc\u011f\u00fc kentte, otomobiliyle sel sular\u0131na kap\u0131lan 70 ya\u015f\u0131ndaki B\u00fclent Kaptano\u011flu kayboldu. Kaptano\u011flu\u2019nun bulunmas\u0131 i\u00e7in AFAD, jandarma ve Emniyet birimleri taraf\u0131ndan ba\u015flat\u0131lan arama \u00e7al\u0131\u015fmalar\u0131 devam ediyor.<br \/>\n<br \/>Fo\u00e7a\u2019y\u0131 ziyaret eden AK Parti \u0130zmir Milletvekili Ceyda B\u00f6l\u00fcnmez \u00c7ank\u0131r\u0131, hem sahada inceleme yapt\u0131 hem arama faaliyet ile ilgili AFAD yetkililerinden bilgi ald\u0131.  B\u00f6lge halk\u0131yla da bir araya gelen vekil, ge\u00e7mi\u015f olsun dileklerini ileterek vatanda\u015flar\u0131n g\u00fcvenli\u011fi i\u00e7in devletin t\u00fcm birimlerinin sahada oldu\u011funu vurgulad\u0131. \u00c7ank\u0131r\u0131, daha sonra kaybolan 70 ya\u015f\u0131ndaki B\u00fclent Kaptano\u011flu\u2019nun ailesini ziyaret etti. G\u00f6zya\u015flar\u0131 i\u00e7inde ya\u015fad\u0131klar\u0131 endi\u015feyi dile getiren aileyi teselli eden \u00c7ank\u0131r\u0131, &#8220;Devletimiz t\u00fcm imkanlar\u0131yla sahada, ekiplerimiz canla ba\u015fla \u00e7al\u0131\u015f\u0131yor. Yan\u0131n\u0131zday\u0131z&#8221; dedi. \u00c7ank\u0131r\u0131 , aileyle tek tek g\u00f6r\u00fc\u015ferek sorular\u0131n\u0131 yan\u0131tlad\u0131 ve moral verdi.<br \/><\/p>\n","protected":false},"excerpt":{"rendered":"<p>AK Parti \u0130zmir Milletvekili Ceyda B\u00f6l\u00fcnmez \u00c7ank\u0131r\u0131, \u0130zmir\u2019in Fo\u00e7a il\u00e7esinde etkili olan yo\u011fun ya\u011f\u0131\u015flar\u0131n ard\u0131ndan meydana gelen sel felaketinde kaybolan 70 ya\u015f\u0131ndaki B\u00fclent Kaptano\u011flu\u2019nun ailesini ziyaret etti. Fo\u00e7a il\u00e7esi Mustafa Kemal Atat\u00fcrk, Fevzi \u00c7akmak ve Cumhuriyet mahallelerinde d\u00fcn \u00f6\u011fleye do\u011fru ba\u015flayan sa\u011fanak ya\u011f\u0131\u015f sele neden oldu. Metrekareye 144 kilogram ya\u011f\u0131\u015f\u0131n d\u00fc\u015ft\u00fc\u011f\u00fc kentte, otomobiliyle sel sular\u0131na&#8230;<\/p>\n","protected":false},"author":1,"featured_media":63520,"comment_status":"open","ping_status":"open","sticky":false,"template":"","format":"standard","meta":{"_crdt_document":"","footnotes":""},"categories":[5],"tags":[],"class_list":["post-63519","post","type-post","status-publish","format-standard","has-post-thumbnail","hentry","category-asayis"],"_links":{"self":[{"href":"https:\/\/www.egemtv.com\/index.php?rest_route=\/wp\/v2\/posts\/63519","targetHints":{"allow":["GET"]}}],"collection":[{"href":"https:\/\/www.egemtv.com\/index.php?rest_route=\/wp\/v2\/posts"}],"about":[{"href":"https:\/\/www.egemtv.com\/index.php?rest_route=\/wp\/v2\/types\/post"}],"author":[{"embeddable":true,"href":"https:\/\/www.egemtv.com\/index.php?rest_route=\/wp\/v2\/users\/1"}],"replies":[{"embeddable":true,"href":"https:\/\/www.egemtv.com\/index.php?rest_route=%2Fwp%2Fv2%2Fcomments&post=63519"}],"version-history":[{"count":1,"href":"https:\/\/www.egemtv.com\/index.php?rest_route=\/wp\/v2\/posts\/63519\/revisions"}],"predecessor-version":[{"id":63521,"href":"https:\/\/www.egemtv.com\/index.php?rest_route=\/wp\/v2\/posts\/63519\/revisions\/63521"}],"wp:featuredmedia":[{"embeddable":true,"href":"https:\/\/www.egemtv.com\/index.php?rest_route=\/wp\/v2\/media\/63520"}],"wp:attachment":[{"href":"https:\/\/www.egemtv.com\/index.php?rest_route=%2Fwp%2Fv2%2Fmedia&parent=63519"}],"wp:term":[{"taxonomy":"category","embeddable":true,"href":"https:\/\/www.egemtv.com\/index.php?rest_route=%2Fwp%2Fv2%2Fcategories&post=63519"},{"taxonomy":"post_tag","embeddable":true,"href":"https:\/\/www.egemtv.com\/index.php?rest_route=%2Fwp%2Fv2%2Ftags&post=63519"}],"curies":[{"name":"wp","href":"https:\/\/api.w.org\/{rel}","templated":true}]}}