{"id":63516,"date":"2025-10-24T09:55:09","date_gmt":"2025-10-24T06:55:09","guid":{"rendered":"https:\/\/www.egemtv.com\/?p=63516"},"modified":"2025-10-24T09:55:11","modified_gmt":"2025-10-24T06:55:11","slug":"engelli-hakkina-engel-olana-siki-takip","status":"publish","type":"post","link":"https:\/\/www.egemtv.com\/?p=63516","title":{"rendered":"Engelli hakk\u0131na engel olana s\u0131k\u0131 takip"},"content":{"rendered":"<p>Manisa\u2019da engelli rampas\u0131 ve park yeri ihlallerine y\u00f6nelik d\u00fczenlenen denetimlerde 98 s\u00fcr\u00fcc\u00fcye toplam 177 bin 934 lira ceza kesildi, 1 ara\u00e7 trafikten men edildi.<br \/>\n<br \/>Manisa \u0130l Emniyet M\u00fcd\u00fcrl\u00fc\u011f\u00fc Trafik Denetleme \u015eube M\u00fcd\u00fcrl\u00fc\u011f\u00fc ve il\u00e7e trafik birimleri taraf\u0131ndan 23 Ekim g\u00fcn\u00fc ger\u00e7ekle\u015ftirilen denetimlerde, engelli rampas\u0131 ve park yeri ihlallerine y\u00f6nelik s\u0131k\u0131 kontroller yap\u0131ld\u0131.<br \/>\n<br \/>\u0130l genelinde 21 ekip ve 40 personelin kat\u0131l\u0131m\u0131yla yap\u0131lan uygulamada toplam 270 ara\u00e7 ve s\u00fcr\u00fcc\u00fc kontrol edildi. Kusurlu g\u00f6r\u00fclen 98 ara\u00e7 ve s\u00fcr\u00fcc\u00fcs\u00fcne toplam 177 bin 934 lira idari para cezas\u0131 uyguland\u0131. Denetimlerde ayr\u0131ca 1 ara\u00e7 trafikten men edildi.<br \/>\n<br \/>Manisa \u0130l Emniyet M\u00fcd\u00fcrl\u00fc\u011f\u00fc\u2019nden yap\u0131lan a\u00e7\u0131klamada, vatanda\u015flar\u0131n huzur ve g\u00fcvenli\u011fi i\u00e7in trafik denetimlerinin kararl\u0131l\u0131kla devam edece\u011fi bildirildi.<br \/><\/p>\n","protected":false},"excerpt":{"rendered":"<p>Manisa\u2019da engelli rampas\u0131 ve park yeri ihlallerine y\u00f6nelik d\u00fczenlenen denetimlerde 98 s\u00fcr\u00fcc\u00fcye toplam 177 bin 934 lira ceza kesildi, 1 ara\u00e7 trafikten men edildi. Manisa \u0130l Emniyet M\u00fcd\u00fcrl\u00fc\u011f\u00fc Trafik Denetleme \u015eube M\u00fcd\u00fcrl\u00fc\u011f\u00fc ve il\u00e7e trafik birimleri taraf\u0131ndan 23 Ekim g\u00fcn\u00fc ger\u00e7ekle\u015ftirilen denetimlerde, engelli rampas\u0131 ve park yeri ihlallerine y\u00f6nelik s\u0131k\u0131 kontroller yap\u0131ld\u0131. \u0130l genelinde 21&#8230;<\/p>\n","protected":false},"author":1,"featured_media":63517,"comment_status":"open","ping_status":"open","sticky":false,"template":"","format":"standard","meta":{"_crdt_document":"","footnotes":""},"categories":[5],"tags":[],"class_list":["post-63516","post","type-post","status-publish","format-standard","has-post-thumbnail","hentry","category-asayis"],"_links":{"self":[{"href":"https:\/\/www.egemtv.com\/index.php?rest_route=\/wp\/v2\/posts\/63516","targetHints":{"allow":["GET"]}}],"collection":[{"href":"https:\/\/www.egemtv.com\/index.php?rest_route=\/wp\/v2\/posts"}],"about":[{"href":"https:\/\/www.egemtv.com\/index.php?rest_route=\/wp\/v2\/types\/post"}],"author":[{"embeddable":true,"href":"https:\/\/www.egemtv.com\/index.php?rest_route=\/wp\/v2\/users\/1"}],"replies":[{"embeddable":true,"href":"https:\/\/www.egemtv.com\/index.php?rest_route=%2Fwp%2Fv2%2Fcomments&post=63516"}],"version-history":[{"count":1,"href":"https:\/\/www.egemtv.com\/index.php?rest_route=\/wp\/v2\/posts\/63516\/revisions"}],"predecessor-version":[{"id":63518,"href":"https:\/\/www.egemtv.com\/index.php?rest_route=\/wp\/v2\/posts\/63516\/revisions\/63518"}],"wp:featuredmedia":[{"embeddable":true,"href":"https:\/\/www.egemtv.com\/index.php?rest_route=\/wp\/v2\/media\/63517"}],"wp:attachment":[{"href":"https:\/\/www.egemtv.com\/index.php?rest_route=%2Fwp%2Fv2%2Fmedia&parent=63516"}],"wp:term":[{"taxonomy":"category","embeddable":true,"href":"https:\/\/www.egemtv.com\/index.php?rest_route=%2Fwp%2Fv2%2Fcategories&post=63516"},{"taxonomy":"post_tag","embeddable":true,"href":"https:\/\/www.egemtv.com\/index.php?rest_route=%2Fwp%2Fv2%2Ftags&post=63516"}],"curies":[{"name":"wp","href":"https:\/\/api.w.org\/{rel}","templated":true}]}}