{"id":63513,"date":"2025-10-24T09:55:08","date_gmt":"2025-10-24T06:55:08","guid":{"rendered":"https:\/\/www.egemtv.com\/?p=63513"},"modified":"2025-10-24T09:55:09","modified_gmt":"2025-10-24T06:55:09","slug":"bodrumda-bisiklet-kazasi-geciren-genc-kadin-hayata-tutundu","status":"publish","type":"post","link":"https:\/\/www.egemtv.com\/?p=63513","title":{"rendered":"Bodrum\u2019da bisiklet kazas\u0131 ge\u00e7iren gen\u00e7 kad\u0131n hayata tutundu"},"content":{"rendered":"<p>Bodrum\u2019da bisiklet kazas\u0131nda a\u011f\u0131r yaral\u0131 olarak hastaneye kald\u0131r\u0131lan 22 ya\u015f\u0131ndaki gen\u00e7 k\u0131z, cerrahi ekibinin h\u0131zl\u0131 ve koordineli m\u00fcdahalesi sayesinde hayata tutundu. Hastanedeki tedavisi 21 g\u00fcn s\u00fcren k\u0131z\u0131n karaci\u011ferinde meydana gelen hasar ba\u015far\u0131yla tedavi edildi.<br \/>\n<br \/>Bodrum\u2019da sabah i\u015fe giderken frenleri tutmayan bisikletiyle araca \u00e7arparak a\u011f\u0131r yaralanan Simge \u00dcrg\u00fcn, Ac\u0131badem Bodrum Hastanesi\u2019ne sevk edildi. \u00dcrg\u00fcn\u2019\u00fcn 21 g\u00fcn s\u00fcren tedavisinde acil servis, genel cerrahi, anestezi, yo\u011fun bak\u0131m ve radyoloji ekiplerinin birlikte y\u00fcr\u00fctt\u00fc\u011f\u00fc s\u00fcre\u00e7, adeta filmleri aratmayacak bir kurtulu\u015f hikayesine d\u00f6n\u00fc\u015ft\u00fc. Ac\u0131badem Bodrum Hastanesi Genel Cerrahi Uzman\u0131 Do\u00e7. Dr. Murat Urkan, travma cerrahisinin en kritik y\u00f6n\u00fcn\u00fcn h\u0131zl\u0131 karar verme ve h\u0131zl\u0131 hareket etme oldu\u011funu belirtti. Dr. Urkan, &#8220;Bu hasta, ara\u00e7 d\u0131\u015f\u0131 trafik kazas\u0131 sonras\u0131 bilinci tam yerinde olmadan acil servisimize ula\u015ft\u0131r\u0131ld\u0131. \u00c7oklu travma ge\u00e7iren hastaya acil ekibimiz h\u0131zla m\u00fcdahale etti, bizlerle koordineli bir \u015fekilde s\u00fcreci y\u00fcr\u00fctt\u00fc&#8221; dedi.<\/p>\n<p>&#8220;Karaci\u011ferin yar\u0131s\u0131 par\u00e7alanm\u0131\u015ft\u0131&#8221;<br \/>\n<br \/>Dr. Urkan, hastan\u0131n acil operasyona haz\u0131rland\u0131\u011f\u0131n\u0131 belirterek, &#8220;Karaci\u011ferin yar\u0131s\u0131n\u0131n par\u00e7aland\u0131\u011f\u0131n\u0131 ve kalpten karaci\u011fere giden toplardamarlarda y\u0131rt\u0131lma oldu\u011funu g\u00f6rd\u00fck. Kanamay\u0131 kontrol alt\u0131na ald\u0131ktan sonra hastay\u0131 yo\u011fun bak\u0131ma ald\u0131k. 48 saat sonra ikinci ameliyatla karaci\u011ferin \u00fc\u00e7te birlik k\u0131sm\u0131n\u0131 \u00e7\u0131kard\u0131k. H\u0131zl\u0131 hareket etmemiz hastan\u0131n hayat\u0131n\u0131 kurtard\u0131&#8221; diye konu\u015ftu. Travma cerrahisinin ekip \u00e7al\u0131\u015fmas\u0131 gerektirdi\u011fini vurgulayan Dr. Urkan, &#8220;Hastan\u0131n acile geli\u015fiyle birlikte 20 dakika i\u00e7inde ameliyata al\u0131nmas\u0131, t\u00fcm ekibin saniyelerle yar\u0131\u015ft\u0131\u011f\u0131n\u0131 g\u00f6steriyor. Bu t\u00fcr vakalarda deneyim ve h\u0131z \u00e7ok \u00f6nemlidir&#8221; ifadelerini kulland\u0131.<\/p>\n<p>&#8220;Moralimi hep y\u00fcksek tuttum&#8221;<br \/>\n<br \/>Ya\u015fad\u0131\u011f\u0131 kaza sonras\u0131 konu\u015fan Simge \u00dcrg\u00fcn, &#8220;Sabah i\u015fe giderken bisikletimin frenleri tutmad\u0131 ve bir arabaya \u00e7arpt\u0131m. Ameliyat ve yo\u011fun bak\u0131m s\u00fcrecinde moralimi y\u00fcksek tutmaya \u00e7al\u0131\u015ft\u0131m. Murat Bey ve ekibine minnettar\u0131m&#8221; dedi. Tedavisinin ard\u0131ndan taburcu edilen \u00dcrg\u00fcn\u2019\u00fcn sa\u011fl\u0131k durumunun iyi oldu\u011fu \u00f6\u011frenildi.<br \/><\/p>\n","protected":false},"excerpt":{"rendered":"<p>Bodrum\u2019da bisiklet kazas\u0131nda a\u011f\u0131r yaral\u0131 olarak hastaneye kald\u0131r\u0131lan 22 ya\u015f\u0131ndaki gen\u00e7 k\u0131z, cerrahi ekibinin h\u0131zl\u0131 ve koordineli m\u00fcdahalesi sayesinde hayata tutundu. Hastanedeki tedavisi 21 g\u00fcn s\u00fcren k\u0131z\u0131n karaci\u011ferinde meydana gelen hasar ba\u015far\u0131yla tedavi edildi. Bodrum\u2019da sabah i\u015fe giderken frenleri tutmayan bisikletiyle araca \u00e7arparak a\u011f\u0131r yaralanan Simge \u00dcrg\u00fcn, Ac\u0131badem Bodrum Hastanesi\u2019ne sevk edildi. \u00dcrg\u00fcn\u2019\u00fcn 21 g\u00fcn&#8230;<\/p>\n","protected":false},"author":1,"featured_media":63514,"comment_status":"open","ping_status":"open","sticky":false,"template":"","format":"standard","meta":{"_crdt_document":"","footnotes":""},"categories":[2],"tags":[],"class_list":["post-63513","post","type-post","status-publish","format-standard","has-post-thumbnail","hentry","category-saglik"],"_links":{"self":[{"href":"https:\/\/www.egemtv.com\/index.php?rest_route=\/wp\/v2\/posts\/63513","targetHints":{"allow":["GET"]}}],"collection":[{"href":"https:\/\/www.egemtv.com\/index.php?rest_route=\/wp\/v2\/posts"}],"about":[{"href":"https:\/\/www.egemtv.com\/index.php?rest_route=\/wp\/v2\/types\/post"}],"author":[{"embeddable":true,"href":"https:\/\/www.egemtv.com\/index.php?rest_route=\/wp\/v2\/users\/1"}],"replies":[{"embeddable":true,"href":"https:\/\/www.egemtv.com\/index.php?rest_route=%2Fwp%2Fv2%2Fcomments&post=63513"}],"version-history":[{"count":1,"href":"https:\/\/www.egemtv.com\/index.php?rest_route=\/wp\/v2\/posts\/63513\/revisions"}],"predecessor-version":[{"id":63515,"href":"https:\/\/www.egemtv.com\/index.php?rest_route=\/wp\/v2\/posts\/63513\/revisions\/63515"}],"wp:featuredmedia":[{"embeddable":true,"href":"https:\/\/www.egemtv.com\/index.php?rest_route=\/wp\/v2\/media\/63514"}],"wp:attachment":[{"href":"https:\/\/www.egemtv.com\/index.php?rest_route=%2Fwp%2Fv2%2Fmedia&parent=63513"}],"wp:term":[{"taxonomy":"category","embeddable":true,"href":"https:\/\/www.egemtv.com\/index.php?rest_route=%2Fwp%2Fv2%2Fcategories&post=63513"},{"taxonomy":"post_tag","embeddable":true,"href":"https:\/\/www.egemtv.com\/index.php?rest_route=%2Fwp%2Fv2%2Ftags&post=63513"}],"curies":[{"name":"wp","href":"https:\/\/api.w.org\/{rel}","templated":true}]}}