{"id":63510,"date":"2025-10-24T09:35:51","date_gmt":"2025-10-24T06:35:51","guid":{"rendered":"https:\/\/www.egemtv.com\/?p=63510"},"modified":"2025-10-24T09:35:53","modified_gmt":"2025-10-24T06:35:53","slug":"175-yillik-kemanla-buyuleyen-performans","status":"publish","type":"post","link":"https:\/\/www.egemtv.com\/?p=63510","title":{"rendered":"175 y\u0131ll\u0131k kemanla b\u00fcy\u00fcleyen performans"},"content":{"rendered":"<p>Ya\u015far \u00dcniversitesi Senfoni Orkestras\u0131, d\u00fcnyaca \u00fcnl\u00fc Slovenyal\u0131 keman sanat\u00e7\u0131s\u0131 Tanja Sonc ile yeni akademik y\u0131la merhaba dedi. Slovenya Cumhuriyeti B\u00fcy\u00fckel\u00e7ili\u011fi\u2019nin katk\u0131lar\u0131yla ger\u00e7ekle\u015fen konserde, gecenin solisti Tanja Sonc, 175 y\u0131ll\u0131k Jean-Baptiste Vuillaume yap\u0131m\u0131 keman\u0131 ile dinleyenlere e\u015fsiz bir m\u00fczik deneyimi ya\u015fatt\u0131.<br \/>\n<br \/>Ahmed Adnan Saygun Sanat Merkezinde d\u00fczenlenen Ya\u015far \u00dcniversitesi Senfoni Orkestras\u0131 2025-2026 Akademik Y\u0131l A\u00e7\u0131l\u0131\u015f Konseri\u2019ni, Ya\u015far \u00dcniversitesi \u00d6\u011fretim \u00dcyesi \u015eef Prof. Mehmet Can \u00d6zer y\u00f6netti. Uluslararas\u0131 yar\u0131\u015fmalarda pek \u00e7ok birincilik elde eden Tanja Sonc, orkestra e\u015fli\u011finde Mozart\u2019\u0131n 4 numaral\u0131 Keman Kon\u00e7ertosu\u2019nu etkileyici bir yorumla seslendirdi. Programda ayr\u0131ca Mozart\u2019\u0131n Idomeneo Uvert\u00fcr\u00fc ve Beethoven\u2019\u0131n 1. Senfonisi yer ald\u0131.<br \/>\n<br \/>Avrupa\u2019n\u0131n \u00f6nde gelen orkestralar\u0131yla sahne alan Tanja Sonc, \u0130zmirli dinleyiciler taraf\u0131ndan b\u00fcy\u00fck ilgiyle kar\u015f\u0131land\u0131. Sanat\u00e7\u0131 bis olarak Mozart\u2019\u0131n T\u00fcrk Mar\u015f\u0131 d\u00fczenlemesini seslendirerek dinleyicilere s\u00fcrpriz yapt\u0131 ve bu anlaml\u0131 jest, dinleyenlerden uzun s\u00fcre alk\u0131\u015f ald\u0131.<\/p>\n<p>D\u00fcnyaca \u00fcnl\u00fc sanat\u00e7\u0131lar<br \/>\n<br \/>Ya\u015far \u00dcniversitesi Rekt\u00f6r\u00fc Prof. Dr. Levent Kandiller, orkestran\u0131n verdi\u011fi konserlerle de\u011ferli isimleri \u0130zmirli sanatseverlerle bulu\u015fturmaya devam etti\u011fini s\u00f6yledi. Prof Dr. Kandiller s\u00f6zlerini \u015f\u00f6yle s\u00fcrd\u00fcrd\u00fc: &#8220;Kurucumuz ve Ebedi Onursal Ba\u015fkan\u0131m\u0131z Say\u0131n Sel\u00e7uk Ya\u015far\u2019\u0131n vizyonu, giri\u015fimi ve \u00fcniversitemizin sanata olan deste\u011fiyle oda orkestras\u0131 olarak temelleri 2006 y\u0131l\u0131nda at\u0131lan Ya\u015far \u00dcniversitesi Senfoni Orkestras\u0131, son 10 y\u0131ld\u0131r verdi\u011fi de\u011ferli konserlerle \u0130zmirli sanatseverlerle bulu\u015fmaya devam ediyor. Bu vesileyle kurucumuzu sayg\u0131 ve minnetle an\u0131yoruz. Senfoni Orkestram\u0131z konserlerinde birbirinden de\u011ferli usta isimleri de a\u011f\u0131rl\u0131yor. \u0130dil Biret, Suna Kan, Ru\u015fen G\u00fcne\u015f, G\u00fclsin Onay, Alexander Rudin, Emre Elivar, Kerem G\u00f6rsev, \u015eefika Kutluer akl\u0131ma ilk gelenler. Bu geceyi \u00f6zel k\u0131lan Solist Tanja Song\u2019u burada a\u011f\u0131rlamaktan b\u00fcy\u00fck mutluluk duyuyoruz. Slovenya Cumhuriyeti \u0130zmir Fahri Konsolosu Dr. Mazhar \u0130zmiro\u011flu ba\u015fta olmak \u00fczere t\u00fcm Slovenya Cumhuriyeti diplomatik misyonuna te\u015fekk\u00fcrlerimi sunar\u0131m.&#8221;<br \/><\/p>\n","protected":false},"excerpt":{"rendered":"<p>Ya\u015far \u00dcniversitesi Senfoni Orkestras\u0131, d\u00fcnyaca \u00fcnl\u00fc Slovenyal\u0131 keman sanat\u00e7\u0131s\u0131 Tanja Sonc ile yeni akademik y\u0131la merhaba dedi. Slovenya Cumhuriyeti B\u00fcy\u00fckel\u00e7ili\u011fi\u2019nin katk\u0131lar\u0131yla ger\u00e7ekle\u015fen konserde, gecenin solisti Tanja Sonc, 175 y\u0131ll\u0131k Jean-Baptiste Vuillaume yap\u0131m\u0131 keman\u0131 ile dinleyenlere e\u015fsiz bir m\u00fczik deneyimi ya\u015fatt\u0131. Ahmed Adnan Saygun Sanat Merkezinde d\u00fczenlenen Ya\u015far \u00dcniversitesi Senfoni Orkestras\u0131 2025-2026 Akademik Y\u0131l A\u00e7\u0131l\u0131\u015f Konseri\u2019ni,&#8230;<\/p>\n","protected":false},"author":1,"featured_media":63511,"comment_status":"open","ping_status":"open","sticky":false,"template":"","format":"standard","meta":{"_crdt_document":"","footnotes":""},"categories":[1],"tags":[],"class_list":["post-63510","post","type-post","status-publish","format-standard","has-post-thumbnail","hentry","category-guncel"],"_links":{"self":[{"href":"https:\/\/www.egemtv.com\/index.php?rest_route=\/wp\/v2\/posts\/63510","targetHints":{"allow":["GET"]}}],"collection":[{"href":"https:\/\/www.egemtv.com\/index.php?rest_route=\/wp\/v2\/posts"}],"about":[{"href":"https:\/\/www.egemtv.com\/index.php?rest_route=\/wp\/v2\/types\/post"}],"author":[{"embeddable":true,"href":"https:\/\/www.egemtv.com\/index.php?rest_route=\/wp\/v2\/users\/1"}],"replies":[{"embeddable":true,"href":"https:\/\/www.egemtv.com\/index.php?rest_route=%2Fwp%2Fv2%2Fcomments&post=63510"}],"version-history":[{"count":1,"href":"https:\/\/www.egemtv.com\/index.php?rest_route=\/wp\/v2\/posts\/63510\/revisions"}],"predecessor-version":[{"id":63512,"href":"https:\/\/www.egemtv.com\/index.php?rest_route=\/wp\/v2\/posts\/63510\/revisions\/63512"}],"wp:featuredmedia":[{"embeddable":true,"href":"https:\/\/www.egemtv.com\/index.php?rest_route=\/wp\/v2\/media\/63511"}],"wp:attachment":[{"href":"https:\/\/www.egemtv.com\/index.php?rest_route=%2Fwp%2Fv2%2Fmedia&parent=63510"}],"wp:term":[{"taxonomy":"category","embeddable":true,"href":"https:\/\/www.egemtv.com\/index.php?rest_route=%2Fwp%2Fv2%2Fcategories&post=63510"},{"taxonomy":"post_tag","embeddable":true,"href":"https:\/\/www.egemtv.com\/index.php?rest_route=%2Fwp%2Fv2%2Ftags&post=63510"}],"curies":[{"name":"wp","href":"https:\/\/api.w.org\/{rel}","templated":true}]}}