{"id":63507,"date":"2025-10-24T09:14:47","date_gmt":"2025-10-24T06:14:47","guid":{"rendered":"https:\/\/www.egemtv.com\/?p=63507"},"modified":"2025-10-24T09:14:49","modified_gmt":"2025-10-24T06:14:49","slug":"adu-ilahiyat-fakultesinde-yapilacak-olan-cami-icin-imzalar-atildi","status":"publish","type":"post","link":"https:\/\/www.egemtv.com\/?p=63507","title":{"rendered":"AD\u00dc \u0130lahiyat Fak\u00fcltesi\u2019nde yap\u0131lacak olan cami i\u00e7in imzalar at\u0131ld\u0131"},"content":{"rendered":"<p>Ayd\u0131n Valili\u011fi, Adnan Menderes \u00dcniversitesi ve hay\u0131rsever vatanda\u015f\u0131n kat\u0131l\u0131m\u0131 ile \u0130lahiyat Fak\u00fcltesi\u2019nde yap\u0131lacak olan cami i\u00e7in protokol imzaland\u0131.<\/p>\n<p>Ayd\u0131n Valisi Yakup Canbolat\u2019\u0131n ba\u015fkanl\u0131\u011f\u0131nda d\u00fczenlenen t\u00f6rende, AD\u00dc \u0130lahiyat Fak\u00fcltesi b\u00fcnyesinde in\u015fa edilecek cami i\u00e7in, Ayd\u0131n Valisi Yakup Canbolat, AD\u00dc Rekt\u00f6r\u00fc Prof. Dr. B\u00fclent Kent, \u0130l M\u00fcft\u00fcs\u00fc Hasan G\u00fcne\u015f ve hay\u0131rsever i\u015f insan\u0131 Serdar Pirin\u00e7 aras\u0131nda bir ba\u011f\u0131\u015f protokol\u00fc imzaland\u0131.<\/p>\n<p>Ger\u00e7ekle\u015ftirilen protokolle, \u00fcniversiteye ve \u015fehre kal\u0131c\u0131 bir eser kazand\u0131r\u0131lmas\u0131, ayr\u0131ca fak\u00fclte \u00f6\u011frencilerinin ve gen\u00e7lerin manevi geli\u015fimine \u00f6nemli katk\u0131lar sunulmas\u0131 hedefleniyor.<br \/><\/p>\n","protected":false},"excerpt":{"rendered":"<p>Ayd\u0131n Valili\u011fi, Adnan Menderes \u00dcniversitesi ve hay\u0131rsever vatanda\u015f\u0131n kat\u0131l\u0131m\u0131 ile \u0130lahiyat Fak\u00fcltesi\u2019nde yap\u0131lacak olan cami i\u00e7in protokol imzaland\u0131. Ayd\u0131n Valisi Yakup Canbolat\u2019\u0131n ba\u015fkanl\u0131\u011f\u0131nda d\u00fczenlenen t\u00f6rende, AD\u00dc \u0130lahiyat Fak\u00fcltesi b\u00fcnyesinde in\u015fa edilecek cami i\u00e7in, Ayd\u0131n Valisi Yakup Canbolat, AD\u00dc Rekt\u00f6r\u00fc Prof. Dr. B\u00fclent Kent, \u0130l M\u00fcft\u00fcs\u00fc Hasan G\u00fcne\u015f ve hay\u0131rsever i\u015f insan\u0131 Serdar Pirin\u00e7 aras\u0131nda bir&#8230;<\/p>\n","protected":false},"author":1,"featured_media":63508,"comment_status":"open","ping_status":"open","sticky":false,"template":"","format":"standard","meta":{"_crdt_document":"","footnotes":""},"categories":[1],"tags":[],"class_list":["post-63507","post","type-post","status-publish","format-standard","has-post-thumbnail","hentry","category-guncel"],"_links":{"self":[{"href":"https:\/\/www.egemtv.com\/index.php?rest_route=\/wp\/v2\/posts\/63507","targetHints":{"allow":["GET"]}}],"collection":[{"href":"https:\/\/www.egemtv.com\/index.php?rest_route=\/wp\/v2\/posts"}],"about":[{"href":"https:\/\/www.egemtv.com\/index.php?rest_route=\/wp\/v2\/types\/post"}],"author":[{"embeddable":true,"href":"https:\/\/www.egemtv.com\/index.php?rest_route=\/wp\/v2\/users\/1"}],"replies":[{"embeddable":true,"href":"https:\/\/www.egemtv.com\/index.php?rest_route=%2Fwp%2Fv2%2Fcomments&post=63507"}],"version-history":[{"count":1,"href":"https:\/\/www.egemtv.com\/index.php?rest_route=\/wp\/v2\/posts\/63507\/revisions"}],"predecessor-version":[{"id":63509,"href":"https:\/\/www.egemtv.com\/index.php?rest_route=\/wp\/v2\/posts\/63507\/revisions\/63509"}],"wp:featuredmedia":[{"embeddable":true,"href":"https:\/\/www.egemtv.com\/index.php?rest_route=\/wp\/v2\/media\/63508"}],"wp:attachment":[{"href":"https:\/\/www.egemtv.com\/index.php?rest_route=%2Fwp%2Fv2%2Fmedia&parent=63507"}],"wp:term":[{"taxonomy":"category","embeddable":true,"href":"https:\/\/www.egemtv.com\/index.php?rest_route=%2Fwp%2Fv2%2Fcategories&post=63507"},{"taxonomy":"post_tag","embeddable":true,"href":"https:\/\/www.egemtv.com\/index.php?rest_route=%2Fwp%2Fv2%2Ftags&post=63507"}],"curies":[{"name":"wp","href":"https:\/\/api.w.org\/{rel}","templated":true}]}}