{"id":63504,"date":"2025-10-24T08:54:48","date_gmt":"2025-10-24T05:54:48","guid":{"rendered":"https:\/\/www.egemtv.com\/?p=63504"},"modified":"2025-10-24T08:54:50","modified_gmt":"2025-10-24T05:54:50","slug":"gun-aydinlandi-selde-kaybolan-vatandasi-bulma-calismalari-yeniden-basladi","status":"publish","type":"post","link":"https:\/\/www.egemtv.com\/?p=63504","title":{"rendered":"G\u00fcn ayd\u0131nland\u0131, selde kaybolan vatanda\u015f\u0131 bulma \u00e7al\u0131\u015fmalar\u0131 yeniden ba\u015flad\u0131"},"content":{"rendered":"<p>\u0130zmir\u2019in Fo\u00e7a il\u00e7esinde sel sular\u0131na kap\u0131lan ve kaybolan 70 ya\u015f\u0131ndaki iki \u00e7ocuk babas\u0131 B\u00fclent Kaptano\u011flu\u2019nu arama kurtarma \u00e7al\u0131\u015fmalar\u0131 havan\u0131n ayd\u0131nlanmas\u0131yla yeniden ba\u015flad\u0131.<br \/>\n<br \/>Fo\u00e7a il\u00e7esi Mustafa Kemal Atat\u00fcrk, Fevzi \u00c7akmak ve Cumhuriyet mahallelerinde saat 12.30 s\u0131ralar\u0131nda ba\u015flayan yo\u011fun ya\u011f\u0131\u015f sele neden olurken, \u00e7ok say\u0131da ev ve i\u015f yerini su bast\u0131. Sel nedeniyle \u00e7ok say\u0131da ara\u00e7 da su alt\u0131nda kal\u0131rken, ara\u00e7lar\u0131 ile mahsur kalan 5 ki\u015fi, jandarma ve itfaiye ekipleri taraf\u0131ndan kurtar\u0131ld\u0131. Ayr\u0131ca otomobiliyle sel sular\u0131nda s\u00fcr\u00fcklenen ki\u015finin 70 ya\u015f\u0131ndaki B\u00fclent Kaptano\u011flu oldu\u011fu ortaya \u00e7\u0131kt\u0131. Kaptano\u011flu\u2019nun, menfez ge\u00e7i\u015fi esnas\u0131nda sel sular\u0131na kap\u0131larak s\u00fcr\u00fcklendi\u011fi ve kayboldu\u011fu ihbar\u0131 \u00fczerine b\u00f6lgeye sevk edilen AFAD ve jandarma ekipleri, otomobili suya kap\u0131ld\u0131\u011f\u0131 yerden yakla\u015f\u0131k 1 kilometre uzakl\u0131kta buldu. Ara\u00e7 i\u00e7inde yap\u0131lan kontrolde B\u00fclent Kaptano\u011flu bulunamam\u0131\u015ft\u0131.<\/p>\n<p>Vali Elban sel b\u00f6lgesindeydi<br \/>\n<br \/>Sel sular\u0131na kap\u0131l\u0131p daha sonra kay\u0131plara kar\u0131\u015fan B\u00fclent Kaptano\u011flu\u2019nu bulmak i\u00e7in AFAD ve itfaiye ekipleri koordineli \u00e7al\u0131\u015fmalar\u0131n\u0131 hala s\u00fcrd\u00fcr\u00fcrken, ak\u015fam saatlerinde AFAD Ba\u015fkan\u0131 Ali Hamza Pehlivan ve \u0130zmir Valisi S\u00fcleyman Elban da sel b\u00f6lgesine gelerek \u00e7al\u0131\u015fmalar\u0131 yerinde izledi.<\/p>\n<p>Arama \u00e7al\u0131\u015fmalar\u0131 yeniden ba\u015flad\u0131<br \/>\n<br \/>\u00d6te yandan, gece saatlerinde ara verilen \u00e7al\u0131\u015fmalara g\u00fcn\u00fcn ayd\u0131nlanmas\u0131 ile beraber yeniden ba\u015flan\u0131ld\u0131. Jandarma Arama Kurtarma Sualt\u0131 ekipleri, Ankara\u2019dan gelen Komando Asayi\u015f ekipleri ile AFAD ekipleri, Sahil G\u00fcvenlik Komutanl\u0131\u011f\u0131 ekipleriyle beraber B\u00fclent Kaptano\u011flu\u2019nu bulmak i\u00e7in \u00e7al\u0131\u015fmalar\u0131n\u0131 s\u00fcrd\u00fcr\u00fcyor. \u00c7al\u0131\u015fmalar\u0131n d\u00f6rt b\u00f6lgeye b\u00f6l\u00fcnerek kar\u0131\u015f kar\u0131\u015f uyguland\u0131\u011f\u0131 belirtildi. 707 personel, 43 dalg\u0131\u00e7 ve 5 dron ile \u00e7al\u0131\u015fmalar y\u00fcr\u00fct\u00fcl\u00fcrken, k\u0131y\u0131dan da Sahil G\u00fcvenlik ekiplerinin \u00e7al\u0131\u015fma yapt\u0131\u011f\u0131 \u00f6\u011frenildi.<br \/><\/p>\n","protected":false},"excerpt":{"rendered":"<p>\u0130zmir\u2019in Fo\u00e7a il\u00e7esinde sel sular\u0131na kap\u0131lan ve kaybolan 70 ya\u015f\u0131ndaki iki \u00e7ocuk babas\u0131 B\u00fclent Kaptano\u011flu\u2019nu arama kurtarma \u00e7al\u0131\u015fmalar\u0131 havan\u0131n ayd\u0131nlanmas\u0131yla yeniden ba\u015flad\u0131. Fo\u00e7a il\u00e7esi Mustafa Kemal Atat\u00fcrk, Fevzi \u00c7akmak ve Cumhuriyet mahallelerinde saat 12.30 s\u0131ralar\u0131nda ba\u015flayan yo\u011fun ya\u011f\u0131\u015f sele neden olurken, \u00e7ok say\u0131da ev ve i\u015f yerini su bast\u0131. Sel nedeniyle \u00e7ok say\u0131da ara\u00e7 da&#8230;<\/p>\n","protected":false},"author":1,"featured_media":63505,"comment_status":"open","ping_status":"open","sticky":false,"template":"","format":"standard","meta":{"_crdt_document":"","footnotes":""},"categories":[5],"tags":[],"class_list":["post-63504","post","type-post","status-publish","format-standard","has-post-thumbnail","hentry","category-asayis"],"_links":{"self":[{"href":"https:\/\/www.egemtv.com\/index.php?rest_route=\/wp\/v2\/posts\/63504","targetHints":{"allow":["GET"]}}],"collection":[{"href":"https:\/\/www.egemtv.com\/index.php?rest_route=\/wp\/v2\/posts"}],"about":[{"href":"https:\/\/www.egemtv.com\/index.php?rest_route=\/wp\/v2\/types\/post"}],"author":[{"embeddable":true,"href":"https:\/\/www.egemtv.com\/index.php?rest_route=\/wp\/v2\/users\/1"}],"replies":[{"embeddable":true,"href":"https:\/\/www.egemtv.com\/index.php?rest_route=%2Fwp%2Fv2%2Fcomments&post=63504"}],"version-history":[{"count":1,"href":"https:\/\/www.egemtv.com\/index.php?rest_route=\/wp\/v2\/posts\/63504\/revisions"}],"predecessor-version":[{"id":63506,"href":"https:\/\/www.egemtv.com\/index.php?rest_route=\/wp\/v2\/posts\/63504\/revisions\/63506"}],"wp:featuredmedia":[{"embeddable":true,"href":"https:\/\/www.egemtv.com\/index.php?rest_route=\/wp\/v2\/media\/63505"}],"wp:attachment":[{"href":"https:\/\/www.egemtv.com\/index.php?rest_route=%2Fwp%2Fv2%2Fmedia&parent=63504"}],"wp:term":[{"taxonomy":"category","embeddable":true,"href":"https:\/\/www.egemtv.com\/index.php?rest_route=%2Fwp%2Fv2%2Fcategories&post=63504"},{"taxonomy":"post_tag","embeddable":true,"href":"https:\/\/www.egemtv.com\/index.php?rest_route=%2Fwp%2Fv2%2Ftags&post=63504"}],"curies":[{"name":"wp","href":"https:\/\/api.w.org\/{rel}","templated":true}]}}