{"id":63501,"date":"2025-10-24T08:54:46","date_gmt":"2025-10-24T05:54:46","guid":{"rendered":"https:\/\/www.egemtv.com\/?p=63501"},"modified":"2025-10-24T08:54:47","modified_gmt":"2025-10-24T05:54:47","slug":"germencik-sokak-hayvanlari-rehabilitasyon-merkezi-acilis-icin-gun-sayiyor","status":"publish","type":"post","link":"https:\/\/www.egemtv.com\/?p=63501","title":{"rendered":"Germencik Sokak Hayvanlar\u0131 Rehabilitasyon Merkezi a\u00e7\u0131l\u0131\u015f i\u00e7in g\u00fcn say\u0131yor"},"content":{"rendered":"<p>Germencik Belediyesi taraf\u0131ndan hayata ge\u00e7irilen Sokak Hayvanlar\u0131 Rehabilitasyon Merkezi, a\u00e7\u0131l\u0131\u015f i\u00e7in g\u00fcn sayarken Kaymakam Sultan Do\u011fru ve Belediye Ba\u015fkan\u0131 Burak Zencirci b\u00f6lgede incelemelerde bulundu.<\/p>\n<p>Ayd\u0131n\u2019\u0131n Germencik il\u00e7esinde k\u0131sa s\u00fcre i\u00e7inde hizmete a\u00e7\u0131lmas\u0131 planlanan Sokak Hayvanlar\u0131 Rehabilitasyon Merkezi \u00e7al\u0131\u015fmalar\u0131nda sona gelindi.<\/p>\n<p>Germencik Kaymakam\u0131 Sultan Do\u011fru, beraberinde Germencik Belediye Ba\u015fkan\u0131 ve Belediye Ba\u015fkan Yard\u0131mc\u0131lar\u0131 ile birlikte tesiste incelemelerde bulundu. Kaymakam Do\u011fru, merkezin son haz\u0131rl\u0131klar\u0131n\u0131 yerinde g\u00f6zlemleyerek Veteriner Hekim ve Rehabilitasyon Merkezi \u00e7al\u0131\u015fanlar\u0131ndan y\u00fcr\u00fct\u00fclen \u00e7al\u0131\u015fmalar hakk\u0131nda bilgi ald\u0131. Tesisin i\u015fleyi\u015fine dair detayl\u0131 bir de\u011ferlendirme yapan Do\u011fru, merkezin il\u00e7edeki sokak hayvanlar\u0131n\u0131n bak\u0131m, tedavi ve rehabilitasyon s\u00fcre\u00e7lerinde \u00f6nemli bir rol \u00fcstlenece\u011fini belirtti.<\/p>\n<p>Germencik Belediye Ba\u015fkan\u0131 Burak Zencirci ise merkezin sevgiyle iyile\u015fmenin adresi olaca\u011f\u0131n\u0131 vurgulayarak &#8220;Kaymakam\u0131m\u0131z Sultan Do\u011fru ve Belediye Ba\u015fkan Yard\u0131mc\u0131lar\u0131m\u0131zla birlikte, k\u0131sa s\u00fcre sonra hizmete a\u00e7\u0131lacak olan Sokak Hayvanlar\u0131 Rehabilitasyon Merkezi\u2019mizi yerinde inceledik. Tesisimizin son haz\u0131rl\u0131klar\u0131n\u0131 g\u00f6zlemleyip, Veteriner Hekimimiz Halil \u00c7apak\u00e7\u0131o\u011flu ile detayl\u0131 bir de\u011ferlendirme yapt\u0131k. Can dostlar\u0131m\u0131z i\u00e7in modern, g\u00fcvenli ve konforlu bir ya\u015fam alan\u0131 olu\u015fturmak ad\u0131na \u00e7al\u0131\u015fmalar\u0131m\u0131z\u0131 titizlikle s\u00fcrd\u00fcr\u00fcyoruz. Buras\u0131 sadece bir rehabilitasyon merkezi de\u011fil, ayn\u0131 zamanda sevgiyle iyile\u015fmenin adresi olacak&#8221; dedi.<br \/><\/p>\n","protected":false},"excerpt":{"rendered":"<p>Germencik Belediyesi taraf\u0131ndan hayata ge\u00e7irilen Sokak Hayvanlar\u0131 Rehabilitasyon Merkezi, a\u00e7\u0131l\u0131\u015f i\u00e7in g\u00fcn sayarken Kaymakam Sultan Do\u011fru ve Belediye Ba\u015fkan\u0131 Burak Zencirci b\u00f6lgede incelemelerde bulundu. Ayd\u0131n\u2019\u0131n Germencik il\u00e7esinde k\u0131sa s\u00fcre i\u00e7inde hizmete a\u00e7\u0131lmas\u0131 planlanan Sokak Hayvanlar\u0131 Rehabilitasyon Merkezi \u00e7al\u0131\u015fmalar\u0131nda sona gelindi. Germencik Kaymakam\u0131 Sultan Do\u011fru, beraberinde Germencik Belediye Ba\u015fkan\u0131 ve Belediye Ba\u015fkan Yard\u0131mc\u0131lar\u0131 ile birlikte tesiste&#8230;<\/p>\n","protected":false},"author":1,"featured_media":63502,"comment_status":"open","ping_status":"open","sticky":false,"template":"","format":"standard","meta":{"_crdt_document":"","footnotes":""},"categories":[1],"tags":[],"class_list":["post-63501","post","type-post","status-publish","format-standard","has-post-thumbnail","hentry","category-guncel"],"_links":{"self":[{"href":"https:\/\/www.egemtv.com\/index.php?rest_route=\/wp\/v2\/posts\/63501","targetHints":{"allow":["GET"]}}],"collection":[{"href":"https:\/\/www.egemtv.com\/index.php?rest_route=\/wp\/v2\/posts"}],"about":[{"href":"https:\/\/www.egemtv.com\/index.php?rest_route=\/wp\/v2\/types\/post"}],"author":[{"embeddable":true,"href":"https:\/\/www.egemtv.com\/index.php?rest_route=\/wp\/v2\/users\/1"}],"replies":[{"embeddable":true,"href":"https:\/\/www.egemtv.com\/index.php?rest_route=%2Fwp%2Fv2%2Fcomments&post=63501"}],"version-history":[{"count":1,"href":"https:\/\/www.egemtv.com\/index.php?rest_route=\/wp\/v2\/posts\/63501\/revisions"}],"predecessor-version":[{"id":63503,"href":"https:\/\/www.egemtv.com\/index.php?rest_route=\/wp\/v2\/posts\/63501\/revisions\/63503"}],"wp:featuredmedia":[{"embeddable":true,"href":"https:\/\/www.egemtv.com\/index.php?rest_route=\/wp\/v2\/media\/63502"}],"wp:attachment":[{"href":"https:\/\/www.egemtv.com\/index.php?rest_route=%2Fwp%2Fv2%2Fmedia&parent=63501"}],"wp:term":[{"taxonomy":"category","embeddable":true,"href":"https:\/\/www.egemtv.com\/index.php?rest_route=%2Fwp%2Fv2%2Fcategories&post=63501"},{"taxonomy":"post_tag","embeddable":true,"href":"https:\/\/www.egemtv.com\/index.php?rest_route=%2Fwp%2Fv2%2Ftags&post=63501"}],"curies":[{"name":"wp","href":"https:\/\/api.w.org\/{rel}","templated":true}]}}