{"id":63498,"date":"2025-10-24T08:54:44","date_gmt":"2025-10-24T05:54:44","guid":{"rendered":"https:\/\/www.egemtv.com\/?p=63498"},"modified":"2025-10-24T08:54:45","modified_gmt":"2025-10-24T05:54:45","slug":"baskan-arslandan-kaymakam-celike-hayirli-olsun-ziyareti","status":"publish","type":"post","link":"https:\/\/www.egemtv.com\/?p=63498","title":{"rendered":"Ba\u015fkan Arslan\u2019dan Kaymakam \u00c7elik\u2019e hay\u0131rl\u0131 olsun ziyareti"},"content":{"rendered":"<p>\u00c7ameli Belediye Ba\u015fkan\u0131 Cengiz Arslan, \u00c7ameli il\u00e7esinde g\u00f6revine yeni ba\u015flayan Kaymakam Mustafa \u00c7elik\u2019i hay\u0131rl\u0131 olsun ziyaretinde bulundu.<\/p>\n<p>Ziyaret kapsam\u0131nda, \u00c7ameli Belediye Ba\u015fkan\u0131 Cengiz Arslan, Kaymakam Mustafa \u00c7elik\u2019i g\u00f6revinde ba\u015far\u0131lar diledi. \u00c7ameli Kaymakam\u0131 Mustafa \u00c7elik, nazik ziyaretlerinden dolay\u0131 duydu\u011fu memnuniyeti dile getirerek, \u00c7ameli Belediye Ba\u015fkan\u0131 Cengiz Arslan\u2019a te\u015fekk\u00fcr etti.<\/p>\n<p>&#8220;\u0130l\u00e7emiz i\u00e7in hay\u0131rl\u0131 hizmetlere vesile olmas\u0131n\u0131 temenni ediyoruz&#8221;<br \/>\n<br \/>G\u00f6revine yeni ba\u015flayan kaymakam Mustafa \u00c7elik\u2019e hay\u0131rl\u0131 olsun ziyaretlerinde bulunan \u00c7ameli Belediye Ba\u015fkan\u0131 Cengiz Arslan, &#8220;Yeni g\u00f6revinde ba\u015far\u0131lar diliyor, il\u00e7emiz i\u00e7in hay\u0131rl\u0131 hizmetlere vesile olmas\u0131n\u0131 temenni ediyoruz&#8221; dedi.<br \/><\/p>\n","protected":false},"excerpt":{"rendered":"<p>\u00c7ameli Belediye Ba\u015fkan\u0131 Cengiz Arslan, \u00c7ameli il\u00e7esinde g\u00f6revine yeni ba\u015flayan Kaymakam Mustafa \u00c7elik\u2019i hay\u0131rl\u0131 olsun ziyaretinde bulundu. Ziyaret kapsam\u0131nda, \u00c7ameli Belediye Ba\u015fkan\u0131 Cengiz Arslan, Kaymakam Mustafa \u00c7elik\u2019i g\u00f6revinde ba\u015far\u0131lar diledi. \u00c7ameli Kaymakam\u0131 Mustafa \u00c7elik, nazik ziyaretlerinden dolay\u0131 duydu\u011fu memnuniyeti dile getirerek, \u00c7ameli Belediye Ba\u015fkan\u0131 Cengiz Arslan\u2019a te\u015fekk\u00fcr etti. &#8220;\u0130l\u00e7emiz i\u00e7in hay\u0131rl\u0131 hizmetlere vesile olmas\u0131n\u0131 temenni&#8230;<\/p>\n","protected":false},"author":1,"featured_media":63499,"comment_status":"open","ping_status":"open","sticky":false,"template":"","format":"standard","meta":{"_crdt_document":"","footnotes":""},"categories":[123],"tags":[],"class_list":["post-63498","post","type-post","status-publish","format-standard","has-post-thumbnail","hentry","category-gundem"],"_links":{"self":[{"href":"https:\/\/www.egemtv.com\/index.php?rest_route=\/wp\/v2\/posts\/63498","targetHints":{"allow":["GET"]}}],"collection":[{"href":"https:\/\/www.egemtv.com\/index.php?rest_route=\/wp\/v2\/posts"}],"about":[{"href":"https:\/\/www.egemtv.com\/index.php?rest_route=\/wp\/v2\/types\/post"}],"author":[{"embeddable":true,"href":"https:\/\/www.egemtv.com\/index.php?rest_route=\/wp\/v2\/users\/1"}],"replies":[{"embeddable":true,"href":"https:\/\/www.egemtv.com\/index.php?rest_route=%2Fwp%2Fv2%2Fcomments&post=63498"}],"version-history":[{"count":1,"href":"https:\/\/www.egemtv.com\/index.php?rest_route=\/wp\/v2\/posts\/63498\/revisions"}],"predecessor-version":[{"id":63500,"href":"https:\/\/www.egemtv.com\/index.php?rest_route=\/wp\/v2\/posts\/63498\/revisions\/63500"}],"wp:featuredmedia":[{"embeddable":true,"href":"https:\/\/www.egemtv.com\/index.php?rest_route=\/wp\/v2\/media\/63499"}],"wp:attachment":[{"href":"https:\/\/www.egemtv.com\/index.php?rest_route=%2Fwp%2Fv2%2Fmedia&parent=63498"}],"wp:term":[{"taxonomy":"category","embeddable":true,"href":"https:\/\/www.egemtv.com\/index.php?rest_route=%2Fwp%2Fv2%2Fcategories&post=63498"},{"taxonomy":"post_tag","embeddable":true,"href":"https:\/\/www.egemtv.com\/index.php?rest_route=%2Fwp%2Fv2%2Ftags&post=63498"}],"curies":[{"name":"wp","href":"https:\/\/api.w.org\/{rel}","templated":true}]}}