{"id":63495,"date":"2025-10-23T23:54:29","date_gmt":"2025-10-23T20:54:29","guid":{"rendered":"https:\/\/www.egemtv.com\/?p=63495"},"modified":"2025-10-23T23:54:31","modified_gmt":"2025-10-23T20:54:31","slug":"nar-toplamak-isterken-canindan-oluyordu-kuyuya-dusen-cocuk-kurtarildi","status":"publish","type":"post","link":"https:\/\/www.egemtv.com\/?p=63495","title":{"rendered":"Nar toplamak isterken can\u0131ndan oluyordu: Kuyuya d\u00fc\u015fen \u00e7ocuk kurtar\u0131ld\u0131"},"content":{"rendered":"<p>Ayd\u0131n\u2019\u0131n Bozdo\u011fan il\u00e7esinde nar toplamak isterken 10 metrelik kuyuya d\u00fc\u015fen k\u00fc\u00e7\u00fck k\u0131z, itfaiye ekiplerinin ba\u015far\u0131l\u0131 \u00e7al\u0131\u015fmas\u0131yla kurtar\u0131ld\u0131.<\/p>\n<p>Olay, Yaz\u0131kent Mahallesi\u2019nde meydana geldi. Edinilen bilgiye g\u00f6re, Yaz\u0131kent \u0130lkokulu yak\u0131nlar\u0131nda bulunan bir bah\u00e7ede nar toplamak isteyen F.G. isimli bir k\u0131z \u00e7ocu\u011fu, dikkatsizlik sonucu yakla\u015f\u0131k 10 metre derinli\u011findeki kuyuya d\u00fc\u015ft\u00fc. K\u00fc\u00e7\u00fck k\u0131z\u0131n d\u00fc\u015ft\u00fc\u011f\u00fcn\u00fc fark eden vatanda\u015flar, durumu hemen 112 Acil \u00c7a\u011fr\u0131 Merkezi\u2019ne bildirdi. \u0130hbar \u00fczerine b\u00f6lgeye sa\u011fl\u0131k, jandarma ve itfaiye ekipleri sevk edildi. K\u0131sa s\u00fcrede olay yerine gelen Ayd\u0131n B\u00fcy\u00fck\u015fehir Belediyesi \u0130tfaiye Daire Ba\u015fkanl\u0131\u011f\u0131 ekipleri, F.G.\u2019yi d\u00fc\u015ft\u00fc\u011f\u00fc kuyudan \u00e7\u0131karmak i\u00e7in \u00e7al\u0131\u015fma ba\u015flatt\u0131. Ekiplerin \u00e7al\u0131\u015fmalar\u0131 sonucu kuyudan \u00e7\u0131kart\u0131lan F.G. sa\u011fl\u0131k ekipleri taraf\u0131ndan ilk m\u00fcdahalesi yap\u0131larak ambulansla kontrol amac\u0131yla hastaneye kald\u0131r\u0131ld\u0131. K\u00fc\u00e7\u00fck k\u0131z\u0131n sa\u011fl\u0131k durumunun iyi oldu\u011fu \u00f6\u011frenildi.<\/p>\n<p>Olayla ilgili soru\u015fturma s\u00fcr\u00fcyor.<br \/><\/p>\n","protected":false},"excerpt":{"rendered":"<p>Ayd\u0131n\u2019\u0131n Bozdo\u011fan il\u00e7esinde nar toplamak isterken 10 metrelik kuyuya d\u00fc\u015fen k\u00fc\u00e7\u00fck k\u0131z, itfaiye ekiplerinin ba\u015far\u0131l\u0131 \u00e7al\u0131\u015fmas\u0131yla kurtar\u0131ld\u0131. Olay, Yaz\u0131kent Mahallesi\u2019nde meydana geldi. Edinilen bilgiye g\u00f6re, Yaz\u0131kent \u0130lkokulu yak\u0131nlar\u0131nda bulunan bir bah\u00e7ede nar toplamak isteyen F.G. isimli bir k\u0131z \u00e7ocu\u011fu, dikkatsizlik sonucu yakla\u015f\u0131k 10 metre derinli\u011findeki kuyuya d\u00fc\u015ft\u00fc. K\u00fc\u00e7\u00fck k\u0131z\u0131n d\u00fc\u015ft\u00fc\u011f\u00fcn\u00fc fark eden vatanda\u015flar, durumu hemen&#8230;<\/p>\n","protected":false},"author":1,"featured_media":63496,"comment_status":"open","ping_status":"open","sticky":false,"template":"","format":"standard","meta":{"_crdt_document":"","footnotes":""},"categories":[5],"tags":[],"class_list":["post-63495","post","type-post","status-publish","format-standard","has-post-thumbnail","hentry","category-asayis"],"_links":{"self":[{"href":"https:\/\/www.egemtv.com\/index.php?rest_route=\/wp\/v2\/posts\/63495","targetHints":{"allow":["GET"]}}],"collection":[{"href":"https:\/\/www.egemtv.com\/index.php?rest_route=\/wp\/v2\/posts"}],"about":[{"href":"https:\/\/www.egemtv.com\/index.php?rest_route=\/wp\/v2\/types\/post"}],"author":[{"embeddable":true,"href":"https:\/\/www.egemtv.com\/index.php?rest_route=\/wp\/v2\/users\/1"}],"replies":[{"embeddable":true,"href":"https:\/\/www.egemtv.com\/index.php?rest_route=%2Fwp%2Fv2%2Fcomments&post=63495"}],"version-history":[{"count":1,"href":"https:\/\/www.egemtv.com\/index.php?rest_route=\/wp\/v2\/posts\/63495\/revisions"}],"predecessor-version":[{"id":63497,"href":"https:\/\/www.egemtv.com\/index.php?rest_route=\/wp\/v2\/posts\/63495\/revisions\/63497"}],"wp:featuredmedia":[{"embeddable":true,"href":"https:\/\/www.egemtv.com\/index.php?rest_route=\/wp\/v2\/media\/63496"}],"wp:attachment":[{"href":"https:\/\/www.egemtv.com\/index.php?rest_route=%2Fwp%2Fv2%2Fmedia&parent=63495"}],"wp:term":[{"taxonomy":"category","embeddable":true,"href":"https:\/\/www.egemtv.com\/index.php?rest_route=%2Fwp%2Fv2%2Fcategories&post=63495"},{"taxonomy":"post_tag","embeddable":true,"href":"https:\/\/www.egemtv.com\/index.php?rest_route=%2Fwp%2Fv2%2Ftags&post=63495"}],"curies":[{"name":"wp","href":"https:\/\/api.w.org\/{rel}","templated":true}]}}