{"id":63486,"date":"2025-10-23T21:34:29","date_gmt":"2025-10-23T18:34:29","guid":{"rendered":"https:\/\/www.egemtv.com\/?p=63486"},"modified":"2025-10-23T21:34:31","modified_gmt":"2025-10-23T18:34:31","slug":"tirlarin-kazasi-ucuz-atlatildi","status":"publish","type":"post","link":"https:\/\/www.egemtv.com\/?p=63486","title":{"rendered":"T\u0131rlar\u0131n kazas\u0131 ucuz atlat\u0131ld\u0131"},"content":{"rendered":"<p>DEN\u0130ZL\u0130 (\u0130HA) \u2013 Denizli\u2019nin Buldan il\u00e7esinde ya\u011f\u0131\u015f nedeniyle kontrolden \u00e7\u0131kan t\u0131r \u015farampole devrilirken, ona \u00e7arpmamak i\u00e7in manevra yapan di\u011fer t\u0131r ise orta ref\u00fcje \u00e7\u0131kt\u0131.<\/p>\n<p>Ge\u00e7ti\u011fimiz g\u00fcnlerde Buldan\u2019\u0131n Derbent Mahallesi mevkiinde meydana gelen kazan\u0131n bir benzeri yine ya\u015fand\u0131. Ya\u011f\u0131\u015f nedeniyle kayganla\u015fan yolda kontrolden \u00e7\u0131kan t\u0131r \u015farampole devrilirken, ayn\u0131 y\u00f6nde seyir halinde olan di\u011fer bir t\u0131r ise \u015farampole do\u011fru giden t\u0131ra \u00e7arpmamak i\u00e7in ani manevra yap\u0131nca orta ref\u00fcje \u00e7\u0131karak durabildi. Her iki kazada hafif hasarla atlat\u0131l\u0131rken t\u0131r s\u00fcr\u00fcc\u00fcleri yara almadan kurtuldu.<br \/>\n<br \/>S\u0131k s\u0131k kazalar\u0131n ya\u015fand\u0131\u011f\u0131 Derbent Mahallesi yolunda \u00f6zellikle ya\u011f\u0131\u015fl\u0131 havalarda s\u00fcr\u00fcc\u00fclerin dikkatli olmas\u0131 gerekti\u011fi belirtildi.<br \/><\/p>\n","protected":false},"excerpt":{"rendered":"<p>DEN\u0130ZL\u0130 (\u0130HA) \u2013 Denizli\u2019nin Buldan il\u00e7esinde ya\u011f\u0131\u015f nedeniyle kontrolden \u00e7\u0131kan t\u0131r \u015farampole devrilirken, ona \u00e7arpmamak i\u00e7in manevra yapan di\u011fer t\u0131r ise orta ref\u00fcje \u00e7\u0131kt\u0131. Ge\u00e7ti\u011fimiz g\u00fcnlerde Buldan\u2019\u0131n Derbent Mahallesi mevkiinde meydana gelen kazan\u0131n bir benzeri yine ya\u015fand\u0131. Ya\u011f\u0131\u015f nedeniyle kayganla\u015fan yolda kontrolden \u00e7\u0131kan t\u0131r \u015farampole devrilirken, ayn\u0131 y\u00f6nde seyir halinde olan di\u011fer bir t\u0131r ise&#8230;<\/p>\n","protected":false},"author":1,"featured_media":63487,"comment_status":"open","ping_status":"open","sticky":false,"template":"","format":"standard","meta":{"_crdt_document":"","footnotes":""},"categories":[5],"tags":[],"class_list":["post-63486","post","type-post","status-publish","format-standard","has-post-thumbnail","hentry","category-asayis"],"_links":{"self":[{"href":"https:\/\/www.egemtv.com\/index.php?rest_route=\/wp\/v2\/posts\/63486","targetHints":{"allow":["GET"]}}],"collection":[{"href":"https:\/\/www.egemtv.com\/index.php?rest_route=\/wp\/v2\/posts"}],"about":[{"href":"https:\/\/www.egemtv.com\/index.php?rest_route=\/wp\/v2\/types\/post"}],"author":[{"embeddable":true,"href":"https:\/\/www.egemtv.com\/index.php?rest_route=\/wp\/v2\/users\/1"}],"replies":[{"embeddable":true,"href":"https:\/\/www.egemtv.com\/index.php?rest_route=%2Fwp%2Fv2%2Fcomments&post=63486"}],"version-history":[{"count":1,"href":"https:\/\/www.egemtv.com\/index.php?rest_route=\/wp\/v2\/posts\/63486\/revisions"}],"predecessor-version":[{"id":63488,"href":"https:\/\/www.egemtv.com\/index.php?rest_route=\/wp\/v2\/posts\/63486\/revisions\/63488"}],"wp:featuredmedia":[{"embeddable":true,"href":"https:\/\/www.egemtv.com\/index.php?rest_route=\/wp\/v2\/media\/63487"}],"wp:attachment":[{"href":"https:\/\/www.egemtv.com\/index.php?rest_route=%2Fwp%2Fv2%2Fmedia&parent=63486"}],"wp:term":[{"taxonomy":"category","embeddable":true,"href":"https:\/\/www.egemtv.com\/index.php?rest_route=%2Fwp%2Fv2%2Fcategories&post=63486"},{"taxonomy":"post_tag","embeddable":true,"href":"https:\/\/www.egemtv.com\/index.php?rest_route=%2Fwp%2Fv2%2Ftags&post=63486"}],"curies":[{"name":"wp","href":"https:\/\/api.w.org\/{rel}","templated":true}]}}