{"id":63480,"date":"2025-10-23T21:22:54","date_gmt":"2025-10-23T18:22:54","guid":{"rendered":"https:\/\/www.egemtv.com\/?p=63480"},"modified":"2025-10-23T21:22:54","modified_gmt":"2025-10-23T18:22:54","slug":"cintar-toplamak-icin-gittigi-ormanda-olu-olarak-bulundu","status":"publish","type":"post","link":"https:\/\/www.egemtv.com\/?p=63480","title":{"rendered":"\u00c7\u0131ntar toplamak i\u00e7in gitti\u011fi ormanda \u00f6l\u00fc olarak bulundu"},"content":{"rendered":"<p>DEN\u0130ZL\u0130 (\u0130HA) \u2013 Denizli\u2019nin Ac\u0131payam il\u00e7esinde \u00e7\u0131ntar toplamak i\u00e7in ormana giden ya\u015fl\u0131 adam, birlikte yola \u00e7\u0131kt\u0131\u011f\u0131 arkada\u015f\u0131 taraf\u0131ndan \u00f6l\u00fc olarak bulundu.<\/p>\n<p>Olay, Denizli\u2019nin Ac\u0131payam il\u00e7esine ba\u011fl\u0131 G\u00fcney Mahallesi\u2019nde meydana geldi. Edinilen bilgiye g\u00f6re; mahalle sakinlerinden 65 ya\u015f\u0131ndaki Nuri G\u00fcng\u00f6r, \u00e7\u0131ntar toplamak i\u00e7in bir arkada\u015f\u0131yla beraber mahallenin \u00fcst k\u0131sm\u0131nda bulunan S\u00f6\u011f\u00fct Yaylas\u0131na gitti. \u00c7\u0131ntar toplamak i\u00e7in farkl\u0131 y\u00f6nlere giden arkada\u015flardan Nuri G\u00fcng\u00f6r, \u00e7\u0131ntar arad\u0131\u011f\u0131 s\u0131rada ge\u00e7irdi\u011fi kalp krizi sonucu hayat\u0131n\u0131 kaybetti.<\/p>\n<p>Ya\u015fl\u0131 adamdan uzun s\u00fcre haber alamayan arkada\u015f\u0131, ormanl\u0131k alana girdikleri ba\u015flang\u0131\u00e7 noktas\u0131na d\u00f6nerken Nuri G\u00fcng\u00f6r\u2019\u00fc yerde hareketsiz bir \u015fekilde yatarken halde buldu. 112\u2019ye yap\u0131lan ihbar \u00fczerine b\u00f6lgeye jandarma ve sa\u011fl\u0131k ekipleri sevk edildi. Sa\u011fl\u0131k ekiplerinin yapt\u0131\u011f\u0131 kontrolde Nuri G\u00fcng\u00f6r\u2019\u00fcn ya\u015fam\u0131n\u0131 yitirdi\u011fi belirlendi.<\/p>\n<p>Cans\u0131z bedeni otopsi i\u00e7in adli t\u0131p kurumu morguna kald\u0131r\u0131lan Nuri G\u00fcng\u00f6r\u2019\u00fcn cenazesinin yar\u0131n cuma namaz\u0131na m\u00fcteakip G\u00fcney Mahalle Mezarl\u0131\u011f\u0131na defin edilece\u011fi \u00f6\u011frenildi. Olayla ilgili soru\u015fturman\u0131n devam etti\u011fi bildirildi.<br \/><\/p>\n","protected":false},"excerpt":{"rendered":"<p>DEN\u0130ZL\u0130 (\u0130HA) \u2013 Denizli\u2019nin Ac\u0131payam il\u00e7esinde \u00e7\u0131ntar toplamak i\u00e7in ormana giden ya\u015fl\u0131 adam, birlikte yola \u00e7\u0131kt\u0131\u011f\u0131 arkada\u015f\u0131 taraf\u0131ndan \u00f6l\u00fc olarak bulundu. Olay, Denizli\u2019nin Ac\u0131payam il\u00e7esine ba\u011fl\u0131 G\u00fcney Mahallesi\u2019nde meydana geldi. Edinilen bilgiye g\u00f6re; mahalle sakinlerinden 65 ya\u015f\u0131ndaki Nuri G\u00fcng\u00f6r, \u00e7\u0131ntar toplamak i\u00e7in bir arkada\u015f\u0131yla beraber mahallenin \u00fcst k\u0131sm\u0131nda bulunan S\u00f6\u011f\u00fct Yaylas\u0131na gitti. \u00c7\u0131ntar toplamak i\u00e7in&#8230;<\/p>\n","protected":false},"author":1,"featured_media":63481,"comment_status":"open","ping_status":"open","sticky":false,"template":"","format":"standard","meta":{"_crdt_document":"","footnotes":""},"categories":[5],"tags":[],"class_list":["post-63480","post","type-post","status-publish","format-standard","has-post-thumbnail","hentry","category-asayis"],"_links":{"self":[{"href":"https:\/\/www.egemtv.com\/index.php?rest_route=\/wp\/v2\/posts\/63480","targetHints":{"allow":["GET"]}}],"collection":[{"href":"https:\/\/www.egemtv.com\/index.php?rest_route=\/wp\/v2\/posts"}],"about":[{"href":"https:\/\/www.egemtv.com\/index.php?rest_route=\/wp\/v2\/types\/post"}],"author":[{"embeddable":true,"href":"https:\/\/www.egemtv.com\/index.php?rest_route=\/wp\/v2\/users\/1"}],"replies":[{"embeddable":true,"href":"https:\/\/www.egemtv.com\/index.php?rest_route=%2Fwp%2Fv2%2Fcomments&post=63480"}],"version-history":[{"count":1,"href":"https:\/\/www.egemtv.com\/index.php?rest_route=\/wp\/v2\/posts\/63480\/revisions"}],"predecessor-version":[{"id":63482,"href":"https:\/\/www.egemtv.com\/index.php?rest_route=\/wp\/v2\/posts\/63480\/revisions\/63482"}],"wp:featuredmedia":[{"embeddable":true,"href":"https:\/\/www.egemtv.com\/index.php?rest_route=\/wp\/v2\/media\/63481"}],"wp:attachment":[{"href":"https:\/\/www.egemtv.com\/index.php?rest_route=%2Fwp%2Fv2%2Fmedia&parent=63480"}],"wp:term":[{"taxonomy":"category","embeddable":true,"href":"https:\/\/www.egemtv.com\/index.php?rest_route=%2Fwp%2Fv2%2Fcategories&post=63480"},{"taxonomy":"post_tag","embeddable":true,"href":"https:\/\/www.egemtv.com\/index.php?rest_route=%2Fwp%2Fv2%2Ftags&post=63480"}],"curies":[{"name":"wp","href":"https:\/\/api.w.org\/{rel}","templated":true}]}}