{"id":6348,"date":"2025-01-10T13:15:54","date_gmt":"2025-01-10T10:15:54","guid":{"rendered":"https:\/\/www.egemtv.com\/?p=6348"},"modified":"2025-01-10T13:16:01","modified_gmt":"2025-01-10T10:16:01","slug":"baskan-lacin-gazeteciler-toplumun-dorduncu-kuvvetidir","status":"publish","type":"post","link":"https:\/\/www.egemtv.com\/?p=6348","title":{"rendered":"Ba\u015fkan La\u00e7in: \u201cGazeteciler toplumun d\u00f6rd\u00fcnc\u00fc kuvvetidir\u201d"},"content":{"rendered":"<p>AK Parti Mu\u011fla \u0130l Ba\u015fkan\u0131 Haluk La\u00e7in, 10 Ocak \u00c7al\u0131\u015fan Gazeteciler G\u00fcn\u00fc dolay\u0131s\u0131yla Mu\u011fla\u2019daki bas\u0131n mensuplar\u0131yla bir araya geldi.<br \/>\n<br \/>Mu\u011fla \u00d6\u011fretmenevi\u2019nde d\u00fczenlenen kahvalt\u0131l\u0131 programda konu\u015fan La\u00e7in, gazetecilerin toplumun do\u011fru bilgilendirilmesi i\u00e7in \u00fcstlendikleri \u00f6nemli rol\u00fc vurgulad\u0131.<\/p>\n<p>Haluk La\u00e7in konu\u015fmas\u0131nda, \u201c\u00c7ok de\u011ferli Mu\u011fla\u2019daki bas\u0131n mensubu arkada\u015flar\u0131m\u0131z, 10 Ocak \u00c7al\u0131\u015fan Gazeteciler G\u00fcn\u00fcn\u00fcz kutlu olsun. Bu anlaml\u0131 g\u00fcn vesilesiyle sizlerle bir arada olmaktan mutluluk duyuyorum. 212 say\u0131l\u0131 yasa, 10 Ocak 1961 y\u0131l\u0131nda kabul edildi\u011fi i\u00e7in bu tarih \u00c7al\u0131\u015fan Gazeteciler G\u00fcn\u00fc olarak kutlanmakta. Gazeteciler, \u00fclkemizin d\u00f6rt bir k\u00f6\u015fesinde meslek ilkelerine ba\u011fl\u0131 kalarak, toplumun hassasiyetlerini g\u00f6zetip kamuyu do\u011fru bilgilendirme g\u00f6revini \u00fcstleniyorlar\u201d dedi.<\/p>\n<p>Gazetecilik mesle\u011fiyle ki\u015fisel bir ba\u011f\u0131n\u0131n da oldu\u011funu ifade eden La\u00e7in, \u201cBen te\u015fkilat toplant\u0131lar\u0131nda kendimi genellikle yerel y\u00f6netimden biri olarak tan\u0131t\u0131r\u0131m. Ancak burada bir \u00f6zelli\u011fimi daha payla\u015fmak istiyorum; Dat\u00e7a\u2019da babamdan kalma bir yerel gazetemiz var. Yakla\u015f\u0131k 12 y\u0131ld\u0131r gazetecilik ve bas\u0131n d\u00fcnyas\u0131n\u0131n i\u00e7indeyim. Bu nedenle gazetecilerin kar\u015f\u0131la\u015ft\u0131\u011f\u0131 sorunlar\u0131 yak\u0131ndan biliyorum. Ayn\u0131 dili konu\u015fuyoruz diyebilirim\u201d ifadelerini kulland\u0131.<\/p>\n<p>Gazetecilerin toplumu do\u011fru bilgilendirme, tarafs\u0131z ve ilkeli habercilik anlay\u0131\u015f\u0131yla \u00f6nemli bir g\u00f6rev \u00fcstlendiklerini belirten La\u00e7in, \u201cGazeteciler, bar\u0131\u015f ve g\u00fcven ortam\u0131na katk\u0131 sunan, yasama, y\u00fcr\u00fctme, yarg\u0131dan sonra d\u00f6rd\u00fcnc\u00fc kuvvet olarak g\u00f6rev yapan \u00f6nemli bir meslek grubudur. G\u00f6rsel ve yaz\u0131l\u0131 medyan\u0131n yan\u0131 s\u0131ra sosyal medya ve internet gazetecili\u011fi ile anl\u0131k haberlere ula\u015f\u0131m da g\u00fcn\u00fcm\u00fczde \u00f6nemli hale geldi. Sahada yapt\u0131\u011f\u0131m\u0131z \u00e7al\u0131\u015fmalar\u0131n eksiklerini ve geli\u015fmeleri, bas\u0131n mensuplar\u0131m\u0131z\u0131n haberleri sayesinde takip edebiliyoruz. E\u011fer eksik veya ge\u00e7 kal\u0131nan bir \u015fey varsa h\u0131zl\u0131ca harekete ge\u00e7iyoruz\u201d dedi.<br \/>\n<br \/><img fetchpriority=\"high\" decoding=\"async\" width=\"1280\" height=\"720\" src=\"https:\/\/www.egemtv.com\/wp-content\/uploads\/2025\/01\/baskan-lacin-gazeteciler-toplumun-dorduncu-kuvvetidir_7ea0c054ba98.jpg\" class=\"attachment-full size-full not-transparent\" alt=\"\" data-has-transparency=\"false\" data-dominant-color=\"84604b\" style=\"--dominant-color: #84604b\" \/><img decoding=\"async\" width=\"1280\" height=\"720\" src=\"https:\/\/www.egemtv.com\/wp-content\/uploads\/2025\/01\/baskan-lacin-gazeteciler-toplumun-dorduncu-kuvvetidir_fa0eac8ea68f.jpg\" class=\"attachment-full size-full not-transparent\" alt=\"\" data-has-transparency=\"false\" data-dominant-color=\"656152\" style=\"--dominant-color: #656152\" \/><img decoding=\"async\" width=\"1280\" height=\"720\" src=\"https:\/\/www.egemtv.com\/wp-content\/uploads\/2025\/01\/baskan-lacin-gazeteciler-toplumun-dorduncu-kuvvetidir_6955463bf11a.jpg\" class=\"attachment-full size-full not-transparent\" alt=\"\" data-has-transparency=\"false\" data-dominant-color=\"7a6e53\" style=\"--dominant-color: #7a6e53\" \/><img loading=\"lazy\" decoding=\"async\" width=\"1280\" height=\"960\" src=\"https:\/\/www.egemtv.com\/wp-content\/uploads\/2025\/01\/baskan-lacin-gazeteciler-toplumun-dorduncu-kuvvetidir_3902315a27a7.jpg\" class=\"attachment-full size-full not-transparent\" alt=\"\" data-has-transparency=\"false\" data-dominant-color=\"74625c\" style=\"--dominant-color: #74625c\" \/><\/p>\n","protected":false},"excerpt":{"rendered":"<p>AK Parti Mu\u011fla \u0130l Ba\u015fkan\u0131 Haluk La\u00e7in, 10 Ocak \u00c7al\u0131\u015fan Gazeteciler G\u00fcn\u00fc dolay\u0131s\u0131yla Mu\u011fla\u2019daki bas\u0131n mensuplar\u0131yla bir araya geldi. Mu\u011fla \u00d6\u011fretmenevi\u2019nde d\u00fczenlenen kahvalt\u0131l\u0131 programda konu\u015fan La\u00e7in, gazetecilerin toplumun do\u011fru bilgilendirilmesi i\u00e7in \u00fcstlendikleri \u00f6nemli rol\u00fc vurgulad\u0131. Haluk La\u00e7in konu\u015fmas\u0131nda, \u201c\u00c7ok de\u011ferli Mu\u011fla\u2019daki bas\u0131n mensubu arkada\u015flar\u0131m\u0131z, 10 Ocak \u00c7al\u0131\u015fan Gazeteciler G\u00fcn\u00fcn\u00fcz kutlu olsun. Bu anlaml\u0131 g\u00fcn vesilesiyle&#8230;<\/p>\n","protected":false},"author":1,"featured_media":6349,"comment_status":"open","ping_status":"open","sticky":false,"template":"","format":"standard","meta":{"_crdt_document":"","footnotes":""},"categories":[1],"tags":[],"class_list":["post-6348","post","type-post","status-publish","format-standard","has-post-thumbnail","hentry","category-guncel"],"_links":{"self":[{"href":"https:\/\/www.egemtv.com\/index.php?rest_route=\/wp\/v2\/posts\/6348","targetHints":{"allow":["GET"]}}],"collection":[{"href":"https:\/\/www.egemtv.com\/index.php?rest_route=\/wp\/v2\/posts"}],"about":[{"href":"https:\/\/www.egemtv.com\/index.php?rest_route=\/wp\/v2\/types\/post"}],"author":[{"embeddable":true,"href":"https:\/\/www.egemtv.com\/index.php?rest_route=\/wp\/v2\/users\/1"}],"replies":[{"embeddable":true,"href":"https:\/\/www.egemtv.com\/index.php?rest_route=%2Fwp%2Fv2%2Fcomments&post=6348"}],"version-history":[{"count":1,"href":"https:\/\/www.egemtv.com\/index.php?rest_route=\/wp\/v2\/posts\/6348\/revisions"}],"predecessor-version":[{"id":6354,"href":"https:\/\/www.egemtv.com\/index.php?rest_route=\/wp\/v2\/posts\/6348\/revisions\/6354"}],"wp:featuredmedia":[{"embeddable":true,"href":"https:\/\/www.egemtv.com\/index.php?rest_route=\/wp\/v2\/media\/6349"}],"wp:attachment":[{"href":"https:\/\/www.egemtv.com\/index.php?rest_route=%2Fwp%2Fv2%2Fmedia&parent=6348"}],"wp:term":[{"taxonomy":"category","embeddable":true,"href":"https:\/\/www.egemtv.com\/index.php?rest_route=%2Fwp%2Fv2%2Fcategories&post=6348"},{"taxonomy":"post_tag","embeddable":true,"href":"https:\/\/www.egemtv.com\/index.php?rest_route=%2Fwp%2Fv2%2Ftags&post=6348"}],"curies":[{"name":"wp","href":"https:\/\/api.w.org\/{rel}","templated":true}]}}