{"id":63477,"date":"2025-10-23T21:22:52","date_gmt":"2025-10-23T18:22:52","guid":{"rendered":"https:\/\/www.egemtv.com\/?p=63477"},"modified":"2025-10-23T21:22:53","modified_gmt":"2025-10-23T18:22:53","slug":"alasehirde-kontrolden-cikan-kamyonet-dehset-sacti-2-olu-3-yarali","status":"publish","type":"post","link":"https:\/\/www.egemtv.com\/?p=63477","title":{"rendered":"Ala\u015fehir\u2019de kontrolden \u00e7\u0131kan kamyonet deh\u015fet sa\u00e7t\u0131: 2 \u00f6l\u00fc 3 yaral\u0131"},"content":{"rendered":"<p>Manisa\u2019n\u0131n Ala\u015fehir il\u00e7esinde ya\u011f\u0131\u015f nedeniyle kontrolden \u00e7\u0131kan kamyonetin devrilip kar\u015f\u0131 \u015feride ge\u00e7mesi sonucu otomobille \u00e7arp\u0131\u015ft\u0131\u011f\u0131 kazada 2 ki\u015fi hayat\u0131n\u0131 kaybetti, 3 ki\u015fi yaraland\u0131.<br \/>\n<br \/>Kaza, saat 17.30 s\u0131ralar\u0131nda Denizli-\u0130zmir karayolu \u00fczerindeki Kavakl\u0131dere kav\u015fa\u011f\u0131nda meydana geldi. Edinilen bilgiye g\u00f6re, \u0130smail G\u00f6ksen (39) y\u00f6netimindeki 45 Y 8708 plakal\u0131 kamyonet, ya\u011f\u0131\u015f nedeniyle kayganla\u015fan yolda direksiyon h\u00e2kimiyetini kaybederek devrildi. Devrilen kamyonet, kar\u015f\u0131 \u015feride ge\u00e7erek Salihli istikametine seyir halinde olan 20 AFU 681 plakal\u0131 otomobille \u00e7arp\u0131\u015ft\u0131.<br \/>\n<br \/>Kazada kamyonet s\u00fcr\u00fcc\u00fcs\u00fc \u0130smail G\u00f6ksen (39) ile ayn\u0131 ara\u00e7ta bulunan E.\u015e. (31) olay yerinde hayat\u0131n\u0131 kaybetti. Otomobil s\u00fcr\u00fcc\u00fcs\u00fc Ali \u00c7oban (31) ve yolcu Fatma \u00c7oban (33) hafif, Dilek Cengiz (50) ise a\u011f\u0131r yaraland\u0131. Yaral\u0131lar, olay yerine sevk edilen sa\u011fl\u0131k ekipleri taraf\u0131ndan ilk m\u00fcdahalenin ard\u0131ndan \u00e7evredeki hastanelere kald\u0131r\u0131ld\u0131.<br \/>\n<br \/>Kazayla ilgili soru\u015fturma ba\u015flat\u0131ld\u0131.<br \/><\/p>\n","protected":false},"excerpt":{"rendered":"<p>Manisa\u2019n\u0131n Ala\u015fehir il\u00e7esinde ya\u011f\u0131\u015f nedeniyle kontrolden \u00e7\u0131kan kamyonetin devrilip kar\u015f\u0131 \u015feride ge\u00e7mesi sonucu otomobille \u00e7arp\u0131\u015ft\u0131\u011f\u0131 kazada 2 ki\u015fi hayat\u0131n\u0131 kaybetti, 3 ki\u015fi yaraland\u0131. Kaza, saat 17.30 s\u0131ralar\u0131nda Denizli-\u0130zmir karayolu \u00fczerindeki Kavakl\u0131dere kav\u015fa\u011f\u0131nda meydana geldi. Edinilen bilgiye g\u00f6re, \u0130smail G\u00f6ksen (39) y\u00f6netimindeki 45 Y 8708 plakal\u0131 kamyonet, ya\u011f\u0131\u015f nedeniyle kayganla\u015fan yolda direksiyon h\u00e2kimiyetini kaybederek devrildi. Devrilen&#8230;<\/p>\n","protected":false},"author":1,"featured_media":63478,"comment_status":"open","ping_status":"open","sticky":false,"template":"","format":"standard","meta":{"_crdt_document":"","footnotes":""},"categories":[5],"tags":[],"class_list":["post-63477","post","type-post","status-publish","format-standard","has-post-thumbnail","hentry","category-asayis"],"_links":{"self":[{"href":"https:\/\/www.egemtv.com\/index.php?rest_route=\/wp\/v2\/posts\/63477","targetHints":{"allow":["GET"]}}],"collection":[{"href":"https:\/\/www.egemtv.com\/index.php?rest_route=\/wp\/v2\/posts"}],"about":[{"href":"https:\/\/www.egemtv.com\/index.php?rest_route=\/wp\/v2\/types\/post"}],"author":[{"embeddable":true,"href":"https:\/\/www.egemtv.com\/index.php?rest_route=\/wp\/v2\/users\/1"}],"replies":[{"embeddable":true,"href":"https:\/\/www.egemtv.com\/index.php?rest_route=%2Fwp%2Fv2%2Fcomments&post=63477"}],"version-history":[{"count":1,"href":"https:\/\/www.egemtv.com\/index.php?rest_route=\/wp\/v2\/posts\/63477\/revisions"}],"predecessor-version":[{"id":63479,"href":"https:\/\/www.egemtv.com\/index.php?rest_route=\/wp\/v2\/posts\/63477\/revisions\/63479"}],"wp:featuredmedia":[{"embeddable":true,"href":"https:\/\/www.egemtv.com\/index.php?rest_route=\/wp\/v2\/media\/63478"}],"wp:attachment":[{"href":"https:\/\/www.egemtv.com\/index.php?rest_route=%2Fwp%2Fv2%2Fmedia&parent=63477"}],"wp:term":[{"taxonomy":"category","embeddable":true,"href":"https:\/\/www.egemtv.com\/index.php?rest_route=%2Fwp%2Fv2%2Fcategories&post=63477"},{"taxonomy":"post_tag","embeddable":true,"href":"https:\/\/www.egemtv.com\/index.php?rest_route=%2Fwp%2Fv2%2Ftags&post=63477"}],"curies":[{"name":"wp","href":"https:\/\/api.w.org\/{rel}","templated":true}]}}