{"id":63474,"date":"2025-10-23T20:54:44","date_gmt":"2025-10-23T17:54:44","guid":{"rendered":"https:\/\/www.egemtv.com\/?p=63474"},"modified":"2025-10-23T20:54:46","modified_gmt":"2025-10-23T17:54:46","slug":"denizli-kultur-ve-turizm-muduru-ozel-gorevine-basladi","status":"publish","type":"post","link":"https:\/\/www.egemtv.com\/?p=63474","title":{"rendered":"Denizli K\u00fclt\u00fcr ve Turizm M\u00fcd\u00fcr\u00fc \u00d6zel g\u00f6revine ba\u015flad\u0131"},"content":{"rendered":"<p>DEN\u0130ZL\u0130 (\u0130HA) \u2013 Denizli \u0130l K\u00fclt\u00fcr ve Turizm M\u00fcd\u00fcrl\u00fc\u011f\u00fc g\u00f6revine ba\u015flayan Adem \u00d6zel, kentin k\u00fclt\u00fcrel miras\u0131n\u0131 ve turizm potansiyelini daha da \u00f6ne \u00e7\u0131karmay\u0131 hedeflediklerini belirtti.<\/p>\n<p>Denizli\u2019nin e\u011fitim ve kamu y\u00f6netimi alan\u0131nda deneyimli ismi Adem \u00d6zel, Denizli \u0130l K\u00fclt\u00fcr ve Turizm M\u00fcd\u00fcrl\u00fc\u011f\u00fc g\u00f6revine getirildi. Merkezefendi \u0130l\u00e7e Milli E\u011fitim M\u00fcd\u00fcrl\u00fc\u011f\u00fcnde Bilgi \u0130\u015flem ve Bas\u0131n Sorumlusu olarak \u00e7al\u0131\u015fmakta iken K\u00fclt\u00fcr ve Turizm Bakan\u0131 Mehmet Nuri Ersoy\u2019un imzas\u0131yla Denizli \u0130l K\u00fclt\u00fcr ve Turizm M\u00fcd\u00fcrl\u00fc\u011f\u00fcne atanan \u00d6zel, yeni g\u00f6revine ba\u015flad\u0131. 27 y\u0131ll\u0131k kamu tecr\u00fcbesiyle bulunan \u00d6zel, g\u00f6rev s\u00fcresi boyunca \u00f6zellikle Pamukkale, Karahay\u0131t termal su kaynaklar\u0131 ve kentin \u00f6ne \u00e7\u0131kan do\u011fal ve k\u00fclt\u00fcrel miras\u0131n\u0131n tan\u0131t\u0131m\u0131na katk\u0131 sa\u011flad\u0131.<\/p>\n<p>G\u00f6rev s\u00fcresi boyunca Denizli\u2019nin k\u00fclt\u00fcrel miras\u0131n\u0131 ve turizm potansiyelini daha da \u00f6ne \u00e7\u0131karmay\u0131 hedeflediklerini kaydeden K\u00fct\u00fcr ve Turizm M\u00fcd\u00fcr\u00fc Adem \u00d6zel, &#8220;1998 y\u0131l\u0131nda Denizli\u2019ye ilk atamamla birlikte, kamuda \u00e7e\u015fitli pozisyonlarda g\u00f6rev ald\u0131m. 27 y\u0131ll\u0131k kurumsal bilgi, birikim ve tecr\u00fcbemle; tarih boyunca medeniyetlere ev sahipli\u011fi yapm\u0131\u015f, k\u00fclt\u00fcrel \u00f6nc\u00fcl\u00fc\u011f\u00fc ve turizmin be\u015fi\u011fi olan bu g\u00fczel \u015fehre hizmet etmek i\u00e7in yola \u00e7\u0131k\u0131yorum. Sahip oldu\u011fumuz zengin miras\u0131 korumak ve gelecek nesillere aktarmak ad\u0131na b\u00fcy\u00fck bir heyecan ve sorumlulukla \u00e7al\u0131\u015faca\u011f\u0131m. Turizm Master Planlar\u0131 kapsam\u0131nda, k\u00fclt\u00fcrden sanata, turizmden tan\u0131t\u0131ma kadar her alanda Ege\u2019nin incisi Denizli\u2019mize de\u011fer katmak i\u00e7in b\u00fcy\u00fck bir gayretle \u00e7al\u0131\u015faca\u011f\u0131z. Bu \u00f6nemli s\u00fcre\u00e7te tensipleriyle bizleri onurland\u0131ran K\u00fclt\u00fcr ve Turizm Bakan\u0131m\u0131z Mehmet Nuri Ersoy\u2019a te\u015fekk\u00fcrlerimi sunuyorum. Onlar\u0131n vizyonu ve katk\u0131lar\u0131yla Denizli\u2019yi daha parlak bir gelece\u011fe ta\u015f\u0131yaca\u011f\u0131m\u0131za inan\u0131yorum.  Rabbim utand\u0131rmas\u0131n, her daim yar ve yard\u0131mc\u0131m\u0131z olsun&#8221; dedi.<br \/><\/p>\n","protected":false},"excerpt":{"rendered":"<p>DEN\u0130ZL\u0130 (\u0130HA) \u2013 Denizli \u0130l K\u00fclt\u00fcr ve Turizm M\u00fcd\u00fcrl\u00fc\u011f\u00fc g\u00f6revine ba\u015flayan Adem \u00d6zel, kentin k\u00fclt\u00fcrel miras\u0131n\u0131 ve turizm potansiyelini daha da \u00f6ne \u00e7\u0131karmay\u0131 hedeflediklerini belirtti. Denizli\u2019nin e\u011fitim ve kamu y\u00f6netimi alan\u0131nda deneyimli ismi Adem \u00d6zel, Denizli \u0130l K\u00fclt\u00fcr ve Turizm M\u00fcd\u00fcrl\u00fc\u011f\u00fc g\u00f6revine getirildi. Merkezefendi \u0130l\u00e7e Milli E\u011fitim M\u00fcd\u00fcrl\u00fc\u011f\u00fcnde Bilgi \u0130\u015flem ve Bas\u0131n Sorumlusu olarak \u00e7al\u0131\u015fmakta&#8230;<\/p>\n","protected":false},"author":1,"featured_media":63475,"comment_status":"open","ping_status":"open","sticky":false,"template":"","format":"standard","meta":{"_crdt_document":"","footnotes":""},"categories":[1],"tags":[],"class_list":["post-63474","post","type-post","status-publish","format-standard","has-post-thumbnail","hentry","category-guncel"],"_links":{"self":[{"href":"https:\/\/www.egemtv.com\/index.php?rest_route=\/wp\/v2\/posts\/63474","targetHints":{"allow":["GET"]}}],"collection":[{"href":"https:\/\/www.egemtv.com\/index.php?rest_route=\/wp\/v2\/posts"}],"about":[{"href":"https:\/\/www.egemtv.com\/index.php?rest_route=\/wp\/v2\/types\/post"}],"author":[{"embeddable":true,"href":"https:\/\/www.egemtv.com\/index.php?rest_route=\/wp\/v2\/users\/1"}],"replies":[{"embeddable":true,"href":"https:\/\/www.egemtv.com\/index.php?rest_route=%2Fwp%2Fv2%2Fcomments&post=63474"}],"version-history":[{"count":1,"href":"https:\/\/www.egemtv.com\/index.php?rest_route=\/wp\/v2\/posts\/63474\/revisions"}],"predecessor-version":[{"id":63476,"href":"https:\/\/www.egemtv.com\/index.php?rest_route=\/wp\/v2\/posts\/63474\/revisions\/63476"}],"wp:featuredmedia":[{"embeddable":true,"href":"https:\/\/www.egemtv.com\/index.php?rest_route=\/wp\/v2\/media\/63475"}],"wp:attachment":[{"href":"https:\/\/www.egemtv.com\/index.php?rest_route=%2Fwp%2Fv2%2Fmedia&parent=63474"}],"wp:term":[{"taxonomy":"category","embeddable":true,"href":"https:\/\/www.egemtv.com\/index.php?rest_route=%2Fwp%2Fv2%2Fcategories&post=63474"},{"taxonomy":"post_tag","embeddable":true,"href":"https:\/\/www.egemtv.com\/index.php?rest_route=%2Fwp%2Fv2%2Ftags&post=63474"}],"curies":[{"name":"wp","href":"https:\/\/api.w.org\/{rel}","templated":true}]}}