{"id":63468,"date":"2025-10-23T20:35:43","date_gmt":"2025-10-23T17:35:43","guid":{"rendered":"https:\/\/www.egemtv.com\/?p=63468"},"modified":"2025-10-23T20:35:44","modified_gmt":"2025-10-23T17:35:44","slug":"selendide-ciftcilere-tohum-destegi","status":"publish","type":"post","link":"https:\/\/www.egemtv.com\/?p=63468","title":{"rendered":"Selendi\u2019de \u00e7ift\u00e7ilere tohum deste\u011fi"},"content":{"rendered":"<p>MAN\u0130SA (\u0130HA) \u2013 Manisa B\u00fcy\u00fck\u015fehir Belediye Ba\u015fkan\u0131 Besim Dutlulu, Selendi il\u00e7esini ziyaret ederek \u00fcreticilere y\u00fczde 75 hibeli yem bitkisi ve hububat tohumu deste\u011finde bulundu.<br \/>\n<br \/>Selendi ziyaretinde \u00e7ift\u00e7ilerle bir araya gelen Ba\u015fkan Dutlulu, Manisa B\u00fcy\u00fck\u015fehir Belediyesi\u2019nin &#8220;Destek Bizden, Hasat Sizden&#8221; slogan\u0131yla y\u00fcr\u00fctt\u00fc\u011f\u00fc tar\u0131msal destek projesi kapsam\u0131nda 350 \u00fcreticiye toplam 104 bin 350 kilogram hububat ve yem bitkisi tohumu da\u011f\u0131tt\u0131.<br \/>\n<br \/>Tohum da\u011f\u0131t\u0131m t\u00f6reninde konu\u015fan Ba\u015fkan Dutlulu, \u00fcreticilerin her zaman yanlar\u0131nda olduklar\u0131n\u0131 belirterek, &#8220;\u00c7ift\u00e7imizin y\u00fcz\u00fcn\u00fc g\u00fcld\u00fcrmek en b\u00fcy\u00fck \u00f6nceli\u011fimiz. \u2018Destek Bizden, Hasat Sizden\u2019 slogan\u0131yla Selendili \u00fcreticilerimize bereketli bir sezon i\u00e7in can suyu olduk. T\u00fcm \u00fcreticilerimize bol, bereketli ve hay\u0131rl\u0131 bir hasat d\u00f6nemi diliyorum. Manisa\u2019n\u0131n 17 il\u00e7esinde \u00e7ift\u00e7ilerimizi desteklemeye devam edece\u011fiz&#8221; dedi.<br \/>\n<br \/>Ba\u015fkan Dutlulu, program kapsam\u0131nda CHP Selendi \u0130l\u00e7e Ba\u015fkanl\u0131\u011f\u0131\u2019n\u0131 ziyaret ederek \u0130l\u00e7e Ba\u015fkan\u0131 Cemil Kurt ve partililerle bir araya geldi. &#8220;Baba oca\u011f\u0131m\u0131z\u0131 ziyaret etmekten gurur duyuyoruz, sizlerin deste\u011fiyle b\u00fcy\u00fcmeye devam ediyoruz&#8221; ifadelerini kullanan Dutlulu, ard\u0131ndan pazar yerini gezerek esnaflarla sohbet etti, hay\u0131rl\u0131 kazan\u00e7lar diledi.<br \/>\n<br \/>Selendi\u2019de muhtarlar ve sivil toplum kurulu\u015fu temsilcileriyle de bir araya gelen Ba\u015fkan Dutlulu, il\u00e7edeki sorun ve talepleri dinledi. Ziyaret s\u0131ras\u0131nda Muhtarlar Derne\u011fi Ba\u015fkan\u0131 Mehmet Ustac\u0131, Ba\u015fkan Dutlulu\u2019ya kendi isminin i\u015flendi\u011fi hal\u0131 dokuma maketi hediye etti.<br \/>\n<br \/>Daha sonra Selendi Belediye Ba\u015fkan\u0131 Murat Daban\u2019\u0131 makam\u0131nda ziyaret eden Dutlulu, il\u00e7eye yap\u0131lacak projeler hakk\u0131nda fikir al\u0131\u015fveri\u015finde bulundu.<br \/>\n<br \/>Selendi\u2019de dolu bir g\u00fcn ge\u00e7irdiklerini belirten Ba\u015fkan Dutlulu, &#8220;Halk\u0131m\u0131zla kucakla\u015ft\u0131k, esnaf\u0131m\u0131za bereketli kazan\u00e7lar diledik, istekleri dinledik. Daima halk\u0131m\u0131z\u0131n i\u00e7inde, halk\u0131m\u0131z i\u00e7in \u00e7al\u0131\u015fmaya devam edece\u011fiz. Bizleri g\u00fcler y\u00fczle kar\u015f\u0131layan t\u00fcm Selendili hem\u015fehrilerime te\u015fekk\u00fcr ediyorum&#8221; dedi.<br \/>\n<br \/>Ba\u015fkan Dutlulu, ak\u015fam saatlerinde il\u00e7eden ayr\u0131ld\u0131.<br \/><\/p>\n","protected":false},"excerpt":{"rendered":"<p>MAN\u0130SA (\u0130HA) \u2013 Manisa B\u00fcy\u00fck\u015fehir Belediye Ba\u015fkan\u0131 Besim Dutlulu, Selendi il\u00e7esini ziyaret ederek \u00fcreticilere y\u00fczde 75 hibeli yem bitkisi ve hububat tohumu deste\u011finde bulundu. Selendi ziyaretinde \u00e7ift\u00e7ilerle bir araya gelen Ba\u015fkan Dutlulu, Manisa B\u00fcy\u00fck\u015fehir Belediyesi\u2019nin &#8220;Destek Bizden, Hasat Sizden&#8221; slogan\u0131yla y\u00fcr\u00fctt\u00fc\u011f\u00fc tar\u0131msal destek projesi kapsam\u0131nda 350 \u00fcreticiye toplam 104 bin 350 kilogram hububat ve yem&#8230;<\/p>\n","protected":false},"author":1,"featured_media":63469,"comment_status":"open","ping_status":"open","sticky":false,"template":"","format":"standard","meta":{"_crdt_document":"","footnotes":""},"categories":[125],"tags":[],"class_list":["post-63468","post","type-post","status-publish","format-standard","has-post-thumbnail","hentry","category-ekonomi"],"_links":{"self":[{"href":"https:\/\/www.egemtv.com\/index.php?rest_route=\/wp\/v2\/posts\/63468","targetHints":{"allow":["GET"]}}],"collection":[{"href":"https:\/\/www.egemtv.com\/index.php?rest_route=\/wp\/v2\/posts"}],"about":[{"href":"https:\/\/www.egemtv.com\/index.php?rest_route=\/wp\/v2\/types\/post"}],"author":[{"embeddable":true,"href":"https:\/\/www.egemtv.com\/index.php?rest_route=\/wp\/v2\/users\/1"}],"replies":[{"embeddable":true,"href":"https:\/\/www.egemtv.com\/index.php?rest_route=%2Fwp%2Fv2%2Fcomments&post=63468"}],"version-history":[{"count":1,"href":"https:\/\/www.egemtv.com\/index.php?rest_route=\/wp\/v2\/posts\/63468\/revisions"}],"predecessor-version":[{"id":63470,"href":"https:\/\/www.egemtv.com\/index.php?rest_route=\/wp\/v2\/posts\/63468\/revisions\/63470"}],"wp:featuredmedia":[{"embeddable":true,"href":"https:\/\/www.egemtv.com\/index.php?rest_route=\/wp\/v2\/media\/63469"}],"wp:attachment":[{"href":"https:\/\/www.egemtv.com\/index.php?rest_route=%2Fwp%2Fv2%2Fmedia&parent=63468"}],"wp:term":[{"taxonomy":"category","embeddable":true,"href":"https:\/\/www.egemtv.com\/index.php?rest_route=%2Fwp%2Fv2%2Fcategories&post=63468"},{"taxonomy":"post_tag","embeddable":true,"href":"https:\/\/www.egemtv.com\/index.php?rest_route=%2Fwp%2Fv2%2Ftags&post=63468"}],"curies":[{"name":"wp","href":"https:\/\/api.w.org\/{rel}","templated":true}]}}