{"id":63465,"date":"2025-10-23T20:15:40","date_gmt":"2025-10-23T17:15:40","guid":{"rendered":"https:\/\/www.egemtv.com\/?p=63465"},"modified":"2025-10-23T20:15:41","modified_gmt":"2025-10-23T17:15:41","slug":"kutahyada-kimlik-goc-ve-sosyal-sorunlar-sosyoloji-sempozyumunda-ele-alindi","status":"publish","type":"post","link":"https:\/\/www.egemtv.com\/?p=63465","title":{"rendered":"K\u00fctahya\u2019da &#8220;Kimlik, G\u00f6\u00e7 ve Sosyal Sorunlar&#8221; sosyoloji sempozyumunda ele al\u0131nd\u0131"},"content":{"rendered":"<p>K\u00fctahya Dumlup\u0131nar \u00dcniversitesi Fen-Edebiyat Fak\u00fcltesi taraf\u0131ndan d\u00fczenlenen &#8220;Yeniden Sosyoloji: 3. K\u00fctahya Ulusal Sosyoloji Sempozyumu&#8221; bu y\u0131l \u00e7evrim i\u00e7i olarak ger\u00e7ekle\u015ftirildi.<br \/>\n<br \/>Sempozyumun ana temas\u0131 &#8220;21. Y\u00fczy\u0131lda Kent: Kimlik, G\u00f6\u00e7 ve Sosyal Sorunlar&#8221; olarak belirlendi. A\u00e7\u0131l\u0131\u015f konu\u015fmas\u0131n\u0131 ger\u00e7ekle\u015ftiren DP\u00dc Fen-Edebiyat Fak\u00fcltesi Sosyoloji B\u00f6l\u00fcm Ba\u015fkan\u0131 Prof. Dr. Talip Karakaya, sempozyumun, herhangi bir konu veya g\u00fcndem s\u0131n\u0131rlamas\u0131na maruz kalmadan, sosyoloji alan\u0131nda \u00e7al\u0131\u015fan akademisyenleri, ara\u015ft\u0131rmac\u0131lar\u0131 ve lisans\u00fcst\u00fc \u00f6\u011frencileri bir araya getirmeyi ama\u00e7lad\u0131\u011f\u0131n\u0131 belirtti. Karakaya, &#8220;Etkinli\u011fimiz bug\u00fcn ve yar\u0131n \u00e7evrim i\u00e7i olarak ger\u00e7ekle\u015ftirilecektir. Yakla\u015f\u0131k 50 bildiri sunulacak ve ondan fazla kategori alt\u0131nda oturumlar d\u00fczenlenecektir&#8221; ifadelerini kulland\u0131.<br \/>\n<br \/>Sempozyumun bilimsel i\u00e7eri\u011fine ili\u015fkin bilgi veren DP\u00dc Sosyoloji B\u00f6l\u00fcm\u00fc \u00f6\u011fretim \u00fcyesi Do\u00e7. Dr. Erkan \u00c7av ise, akademik \u00fcretimin \u00f6nemli bir par\u00e7as\u0131 olan bu sempozyumlar\u0131n giderek geli\u015fti\u011fini vurgulad\u0131. \u00c7av, &#8220;Bu y\u0131l \u00fc\u00e7\u00fcnc\u00fcs\u00fcn\u00fc d\u00fczenliyoruz. 2023\u2019te 31, 2024\u2019te 20, 2025\u2019te ise 52 bildirinin sunulaca\u011f\u0131 bu sempozyumlar art\u0131k bir gelenek haline geldi. Ana temam\u0131z 21. y\u00fczy\u0131lda kent, kimlik, g\u00f6\u00e7 ve sosyal sorunlar. \u00c7a\u011fr\u0131 metnimizde de belirtti\u011fimiz gibi, yapay zek\u00e2 ve sosyal medya ara\u00e7lar\u0131n\u0131n ba\u015f d\u00f6nd\u00fcr\u00fcc\u00fc h\u0131zla geli\u015fti\u011fi k\u00fcreselle\u015fme \u00e7a\u011f\u0131nda birey ve toplumun temel sorunlar\u0131 yeni bir boyuta ge\u00e7mi\u015ftir. Ancak bu de\u011fi\u015fim, modern d\u00f6nemin krizlerini ortadan kald\u0131rm\u0131yor; aksine derinle\u015ftiriyor&#8221; dedi.<br \/>\n<br \/>Do\u00e7. Dr. \u00c7av, g\u00fcn\u00fcm\u00fcz d\u00fcnyas\u0131n\u0131n ekonomik ve toplumsal krizler, sava\u015flar, siyasi \u00e7alkant\u0131lar, iklim de\u011fi\u015fikli\u011fi ve g\u00f6\u00e7 gibi tehditlerle kar\u015f\u0131 kar\u015f\u0131ya oldu\u011funa dikkat \u00e7ekerek, sosyolojinin bu olgular\u0131 anlamland\u0131rma ve yorumlama g\u00f6revi oldu\u011funu vurgulad\u0131. \u00c7av, &#8220;G\u00f6\u00e7 \u00e7al\u0131\u015fmalar\u0131n\u0131n \u00f6ne \u00e7\u0131kmas\u0131 tesad\u00fcf de\u011fil; \u00fclkemizin ve b\u00f6lgemizin ya\u015fad\u0131\u011f\u0131 s\u00fcre\u00e7lerle do\u011frudan ba\u011flant\u0131l\u0131. \u00d6zellikle dijital d\u00fcnya oturumunda yapay zek\u00e2n\u0131n insan ya\u015fam\u0131 \u00fczerindeki etkilerini konu alan sunumlar dikkat \u00e7ekici olacak. \u00d6rne\u011fin \u2018dijital yas tutma s\u00fcreci\u2019 ba\u015fl\u0131kl\u0131 sunum, son derece ilgin\u00e7 bir konu; mutlaka takip edilmesini \u00f6neriyorum&#8221; ifadelerini kulland\u0131.<br \/>\n<br \/>Sempozyum kapsam\u0131nda 10 ana ba\u015fl\u0131k alt\u0131nda 12 oturum d\u00fczenlendi. Oturumlarda &#8220;G\u00f6\u00e7&#8221;, &#8220;Kent ve Sermaye&#8221;, &#8220;Cinsiyet ve Kimlik&#8221;, &#8220;Mek\u00e2n&#8221;, &#8220;E\u011fitim&#8221;, &#8220;Sinema ve Toplum&#8221;, &#8220;Dijital D\u00fcnya&#8221;, &#8220;Aile ve Engellilik&#8221;, &#8220;De\u011fi\u015fimler&#8221; ve &#8220;Edebiyat&#8221; temalar\u0131 ele al\u0131nd\u0131.<br \/><\/p>\n","protected":false},"excerpt":{"rendered":"<p>K\u00fctahya Dumlup\u0131nar \u00dcniversitesi Fen-Edebiyat Fak\u00fcltesi taraf\u0131ndan d\u00fczenlenen &#8220;Yeniden Sosyoloji: 3. K\u00fctahya Ulusal Sosyoloji Sempozyumu&#8221; bu y\u0131l \u00e7evrim i\u00e7i olarak ger\u00e7ekle\u015ftirildi. Sempozyumun ana temas\u0131 &#8220;21. Y\u00fczy\u0131lda Kent: Kimlik, G\u00f6\u00e7 ve Sosyal Sorunlar&#8221; olarak belirlendi. A\u00e7\u0131l\u0131\u015f konu\u015fmas\u0131n\u0131 ger\u00e7ekle\u015ftiren DP\u00dc Fen-Edebiyat Fak\u00fcltesi Sosyoloji B\u00f6l\u00fcm Ba\u015fkan\u0131 Prof. Dr. Talip Karakaya, sempozyumun, herhangi bir konu veya g\u00fcndem s\u0131n\u0131rlamas\u0131na maruz kalmadan,&#8230;<\/p>\n","protected":false},"author":1,"featured_media":63466,"comment_status":"open","ping_status":"open","sticky":false,"template":"","format":"standard","meta":{"_crdt_document":"","footnotes":""},"categories":[123],"tags":[],"class_list":["post-63465","post","type-post","status-publish","format-standard","has-post-thumbnail","hentry","category-gundem"],"_links":{"self":[{"href":"https:\/\/www.egemtv.com\/index.php?rest_route=\/wp\/v2\/posts\/63465","targetHints":{"allow":["GET"]}}],"collection":[{"href":"https:\/\/www.egemtv.com\/index.php?rest_route=\/wp\/v2\/posts"}],"about":[{"href":"https:\/\/www.egemtv.com\/index.php?rest_route=\/wp\/v2\/types\/post"}],"author":[{"embeddable":true,"href":"https:\/\/www.egemtv.com\/index.php?rest_route=\/wp\/v2\/users\/1"}],"replies":[{"embeddable":true,"href":"https:\/\/www.egemtv.com\/index.php?rest_route=%2Fwp%2Fv2%2Fcomments&post=63465"}],"version-history":[{"count":1,"href":"https:\/\/www.egemtv.com\/index.php?rest_route=\/wp\/v2\/posts\/63465\/revisions"}],"predecessor-version":[{"id":63467,"href":"https:\/\/www.egemtv.com\/index.php?rest_route=\/wp\/v2\/posts\/63465\/revisions\/63467"}],"wp:featuredmedia":[{"embeddable":true,"href":"https:\/\/www.egemtv.com\/index.php?rest_route=\/wp\/v2\/media\/63466"}],"wp:attachment":[{"href":"https:\/\/www.egemtv.com\/index.php?rest_route=%2Fwp%2Fv2%2Fmedia&parent=63465"}],"wp:term":[{"taxonomy":"category","embeddable":true,"href":"https:\/\/www.egemtv.com\/index.php?rest_route=%2Fwp%2Fv2%2Fcategories&post=63465"},{"taxonomy":"post_tag","embeddable":true,"href":"https:\/\/www.egemtv.com\/index.php?rest_route=%2Fwp%2Fv2%2Ftags&post=63465"}],"curies":[{"name":"wp","href":"https:\/\/api.w.org\/{rel}","templated":true}]}}