{"id":63462,"date":"2025-10-23T19:54:41","date_gmt":"2025-10-23T16:54:41","guid":{"rendered":"https:\/\/www.egemtv.com\/?p=63462"},"modified":"2025-10-23T19:54:42","modified_gmt":"2025-10-23T16:54:42","slug":"ak-partili-arinc-muhtarlari-bakan-yumakli-ile-bulusturdu","status":"publish","type":"post","link":"https:\/\/www.egemtv.com\/?p=63462","title":{"rendered":"AK Parti\u2019li Ar\u0131n\u00e7, muhtarlar\u0131 Bakan Yumakl\u0131 ile bulu\u015fturdu"},"content":{"rendered":"<p>AK Parti MKYK \u00dcyesi ve Manisa Milletvekili Ahmet M\u00fccahit Ar\u0131n\u00e7, G\u00f6lmarmara il\u00e7esinde ge\u00e7ti\u011fimiz haftalarda kendisine iletilen tar\u0131msal talepleri bu kez do\u011frudan Ankara\u2019ya ta\u015f\u0131d\u0131. Ar\u0131n\u00e7, G\u00f6lmarmaral\u0131 muhtarlarla birlikte Tar\u0131m ve Orman Bakan\u0131 \u0130brahim Yumakl\u0131\u2019y\u0131 ziyaret ederek, b\u00f6lgenin tar\u0131msal \u00f6nceliklerini bakanl\u0131k d\u00fczeyinde g\u00fcndeme getirdi.<br \/>\n<br \/>Ziyarette G\u00f6lmarmara\u2019n\u0131n sulama altyap\u0131s\u0131, \u00fcretim destekleri ve k\u0131rsal kalk\u0131nma projeleri ele al\u0131nd\u0131. Muhtarlar, il\u00e7ede \u00fcreticilerin ya\u015fad\u0131\u011f\u0131 sorunlar\u0131 ve \u00e7\u00f6z\u00fcm \u00f6nerilerini bakanl\u0131\u011fa ilk elden iletti.<br \/>\n<br \/>Milletvekili Ahmet M\u00fccahit Ar\u0131n\u00e7, g\u00f6r\u00fc\u015fmenin ard\u0131ndan yapt\u0131\u011f\u0131 a\u00e7\u0131klamada, &#8220;Muhtarlar\u0131m\u0131zla G\u00f6lmarmara\u2019da bir araya geldi\u011fimizde dile getirdikleri konular\u0131 bug\u00fcn Bakan\u0131m\u0131z Say\u0131n \u0130brahim Yumakl\u0131\u2019ya ilettik. B\u00f6lgenin \u00fcretim g\u00fcc\u00fcn\u00fc art\u0131rmak, \u00e7ift\u00e7imizin eme\u011fini desteklemek i\u00e7in ortak bir yol haritas\u0131 belirledik. G\u00f6lmarmara\u2019n\u0131n bereketi, Manisa\u2019n\u0131n gelece\u011fidir.&#8221; dedi.<br \/>\n<br \/>Ar\u0131n\u00e7 ayr\u0131ca, hafta i\u00e7indeki diplomatik temaslar\u0131 kapsam\u0131nda Meclis\u2019te Endonezya Partai NasDem Milletvekili Faridawaty Darland Atjeh ve heyetiyle de bir araya geldi. G\u00f6r\u00fc\u015fmede T\u00fcrkiye-Endonezya ili\u015fkilerinin g\u00fc\u00e7lendirilmesi, kar\u015f\u0131l\u0131kl\u0131 yat\u0131r\u0131mlar ve k\u00fclt\u00fcrel i\u015f birli\u011fi konular\u0131 ele al\u0131nd\u0131.<br \/>\n<br \/>Ar\u0131n\u00e7, &#8220;Manisa i\u00e7in \u00e7\u00f6z\u00fcm, T\u00fcrkiye i\u00e7in diyalog anlay\u0131\u015f\u0131yla hem yerelde hem uluslararas\u0131 alanda \u00e7al\u0131\u015fmaya devam ediyoruz.&#8221; ifadelerini kulland\u0131.<br \/><\/p>\n","protected":false},"excerpt":{"rendered":"<p>AK Parti MKYK \u00dcyesi ve Manisa Milletvekili Ahmet M\u00fccahit Ar\u0131n\u00e7, G\u00f6lmarmara il\u00e7esinde ge\u00e7ti\u011fimiz haftalarda kendisine iletilen tar\u0131msal talepleri bu kez do\u011frudan Ankara\u2019ya ta\u015f\u0131d\u0131. Ar\u0131n\u00e7, G\u00f6lmarmaral\u0131 muhtarlarla birlikte Tar\u0131m ve Orman Bakan\u0131 \u0130brahim Yumakl\u0131\u2019y\u0131 ziyaret ederek, b\u00f6lgenin tar\u0131msal \u00f6nceliklerini bakanl\u0131k d\u00fczeyinde g\u00fcndeme getirdi. Ziyarette G\u00f6lmarmara\u2019n\u0131n sulama altyap\u0131s\u0131, \u00fcretim destekleri ve k\u0131rsal kalk\u0131nma projeleri ele al\u0131nd\u0131. Muhtarlar,&#8230;<\/p>\n","protected":false},"author":1,"featured_media":63463,"comment_status":"open","ping_status":"open","sticky":false,"template":"","format":"standard","meta":{"_crdt_document":"","footnotes":""},"categories":[127],"tags":[],"class_list":["post-63462","post","type-post","status-publish","format-standard","has-post-thumbnail","hentry","category-siyaset"],"_links":{"self":[{"href":"https:\/\/www.egemtv.com\/index.php?rest_route=\/wp\/v2\/posts\/63462","targetHints":{"allow":["GET"]}}],"collection":[{"href":"https:\/\/www.egemtv.com\/index.php?rest_route=\/wp\/v2\/posts"}],"about":[{"href":"https:\/\/www.egemtv.com\/index.php?rest_route=\/wp\/v2\/types\/post"}],"author":[{"embeddable":true,"href":"https:\/\/www.egemtv.com\/index.php?rest_route=\/wp\/v2\/users\/1"}],"replies":[{"embeddable":true,"href":"https:\/\/www.egemtv.com\/index.php?rest_route=%2Fwp%2Fv2%2Fcomments&post=63462"}],"version-history":[{"count":1,"href":"https:\/\/www.egemtv.com\/index.php?rest_route=\/wp\/v2\/posts\/63462\/revisions"}],"predecessor-version":[{"id":63464,"href":"https:\/\/www.egemtv.com\/index.php?rest_route=\/wp\/v2\/posts\/63462\/revisions\/63464"}],"wp:featuredmedia":[{"embeddable":true,"href":"https:\/\/www.egemtv.com\/index.php?rest_route=\/wp\/v2\/media\/63463"}],"wp:attachment":[{"href":"https:\/\/www.egemtv.com\/index.php?rest_route=%2Fwp%2Fv2%2Fmedia&parent=63462"}],"wp:term":[{"taxonomy":"category","embeddable":true,"href":"https:\/\/www.egemtv.com\/index.php?rest_route=%2Fwp%2Fv2%2Fcategories&post=63462"},{"taxonomy":"post_tag","embeddable":true,"href":"https:\/\/www.egemtv.com\/index.php?rest_route=%2Fwp%2Fv2%2Ftags&post=63462"}],"curies":[{"name":"wp","href":"https:\/\/api.w.org\/{rel}","templated":true}]}}