{"id":63459,"date":"2025-10-23T19:15:59","date_gmt":"2025-10-23T16:15:59","guid":{"rendered":"https:\/\/www.egemtv.com\/?p=63459"},"modified":"2025-10-23T19:16:01","modified_gmt":"2025-10-23T16:16:01","slug":"aydinda-saganak-yagmur-hayati-olumsuz-etkiledi","status":"publish","type":"post","link":"https:\/\/www.egemtv.com\/?p=63459","title":{"rendered":"Ayd\u0131n\u2019da sa\u011fanak ya\u011fmur hayat\u0131 olumsuz etkiledi"},"content":{"rendered":"<p>Ayd\u0131n\u2019da ak\u015fam saatlerinde etkili olan sa\u011fanak ya\u011f\u0131\u015f hayat\u0131 olumsuz etkilerken, baz\u0131 yollar dereye d\u00f6nd\u00fc, ekipler olumsuzluk ya\u015fanan b\u00f6lgelerde \u00e7al\u0131\u015fma ba\u015flatt\u0131.<\/p>\n<p>Ayd\u0131n\u2019da ak\u015fam saatlerinde g\u00f6k g\u00fcr\u00fclt\u00fcl\u00fc sa\u011fanak ya\u011f\u0131\u015f etkili oldu. Meteoroloji\u2019nin kuvvetli ya\u011f\u0131\u015f uyar\u0131s\u0131n\u0131n ard\u0131ndan, bir anda bast\u0131ran ya\u011f\u0131\u015f sonras\u0131nda yollar dereye d\u00f6nd\u00fc, baz\u0131 caddelerde su birikintileri olu\u015ftu. Kuvvetli ya\u011f\u0131\u015f sonras\u0131nda ara\u00e7 s\u00fcr\u00fcc\u00fcleri ve vatanda\u015flar zor anlar ya\u015fad\u0131.  Zaman zaman trafik durma noktas\u0131na geldi.  K\u00f6rfez Caddesi, \u0130stasyon Bulvar\u0131, Do\u011fu Gazi Bulvar\u0131, \u0130zmir Bulvar\u0131 ba\u015fta olmak \u00fczere olumsuzluk ya\u015fanan ana arterlerde ve su birikintilerinin bulundu\u011fu alanlarda Ayd\u0131n B\u00fcy\u00fck\u015fehir Belediyesi ekipleri \u00e7al\u0131\u015fma ba\u015flat\u0131rken, emniyet ekipleri de t\u0131kanan trafi\u011fi a\u00e7mak i\u00e7in yo\u011fun \u00e7aba sarf etti. Sa\u011fanak ya\u011f\u0131\u015f\u0131n bug\u00fcn gece saatlerine kadar aral\u0131klarla etkili olmas\u0131 bekleniyor.<br \/><\/p>\n","protected":false},"excerpt":{"rendered":"<p>Ayd\u0131n\u2019da ak\u015fam saatlerinde etkili olan sa\u011fanak ya\u011f\u0131\u015f hayat\u0131 olumsuz etkilerken, baz\u0131 yollar dereye d\u00f6nd\u00fc, ekipler olumsuzluk ya\u015fanan b\u00f6lgelerde \u00e7al\u0131\u015fma ba\u015flatt\u0131. Ayd\u0131n\u2019da ak\u015fam saatlerinde g\u00f6k g\u00fcr\u00fclt\u00fcl\u00fc sa\u011fanak ya\u011f\u0131\u015f etkili oldu. Meteoroloji\u2019nin kuvvetli ya\u011f\u0131\u015f uyar\u0131s\u0131n\u0131n ard\u0131ndan, bir anda bast\u0131ran ya\u011f\u0131\u015f sonras\u0131nda yollar dereye d\u00f6nd\u00fc, baz\u0131 caddelerde su birikintileri olu\u015ftu. Kuvvetli ya\u011f\u0131\u015f sonras\u0131nda ara\u00e7 s\u00fcr\u00fcc\u00fcleri ve vatanda\u015flar zor&#8230;<\/p>\n","protected":false},"author":1,"featured_media":63460,"comment_status":"open","ping_status":"open","sticky":false,"template":"","format":"standard","meta":{"_crdt_document":"","footnotes":""},"categories":[1],"tags":[],"class_list":["post-63459","post","type-post","status-publish","format-standard","has-post-thumbnail","hentry","category-guncel"],"_links":{"self":[{"href":"https:\/\/www.egemtv.com\/index.php?rest_route=\/wp\/v2\/posts\/63459","targetHints":{"allow":["GET"]}}],"collection":[{"href":"https:\/\/www.egemtv.com\/index.php?rest_route=\/wp\/v2\/posts"}],"about":[{"href":"https:\/\/www.egemtv.com\/index.php?rest_route=\/wp\/v2\/types\/post"}],"author":[{"embeddable":true,"href":"https:\/\/www.egemtv.com\/index.php?rest_route=\/wp\/v2\/users\/1"}],"replies":[{"embeddable":true,"href":"https:\/\/www.egemtv.com\/index.php?rest_route=%2Fwp%2Fv2%2Fcomments&post=63459"}],"version-history":[{"count":1,"href":"https:\/\/www.egemtv.com\/index.php?rest_route=\/wp\/v2\/posts\/63459\/revisions"}],"predecessor-version":[{"id":63461,"href":"https:\/\/www.egemtv.com\/index.php?rest_route=\/wp\/v2\/posts\/63459\/revisions\/63461"}],"wp:featuredmedia":[{"embeddable":true,"href":"https:\/\/www.egemtv.com\/index.php?rest_route=\/wp\/v2\/media\/63460"}],"wp:attachment":[{"href":"https:\/\/www.egemtv.com\/index.php?rest_route=%2Fwp%2Fv2%2Fmedia&parent=63459"}],"wp:term":[{"taxonomy":"category","embeddable":true,"href":"https:\/\/www.egemtv.com\/index.php?rest_route=%2Fwp%2Fv2%2Fcategories&post=63459"},{"taxonomy":"post_tag","embeddable":true,"href":"https:\/\/www.egemtv.com\/index.php?rest_route=%2Fwp%2Fv2%2Ftags&post=63459"}],"curies":[{"name":"wp","href":"https:\/\/api.w.org\/{rel}","templated":true}]}}