{"id":63456,"date":"2025-10-23T19:15:57","date_gmt":"2025-10-23T16:15:57","guid":{"rendered":"https:\/\/www.egemtv.com\/?p=63456"},"modified":"2025-10-23T19:15:58","modified_gmt":"2025-10-23T16:15:58","slug":"focada-sele-kapilan-kisinin-kimligi-belirlendi","status":"publish","type":"post","link":"https:\/\/www.egemtv.com\/?p=63456","title":{"rendered":"Fo\u00e7a\u2019da sele kap\u0131lan ki\u015finin kimli\u011fi belirlendi"},"content":{"rendered":"<p>\u0130zmir\u2019in Fo\u00e7a il\u00e7esinde arac\u0131yla birlikte sel sular\u0131na kap\u0131lan vatanda\u015f\u0131n kimli\u011fi belirlendi. Ekipler, 70 ya\u015f\u0131ndaki B\u00fclent Kaptano\u011flu\u2019nu bulmak i\u00e7in arama \u00e7al\u0131\u015fmalar\u0131n\u0131 s\u00fcrd\u00fcr\u00fcyor.<br \/>\n<br \/>Fo\u00e7a il\u00e7esi Mustafa Kemal Atat\u00fcrk, Fevzi \u00c7akmak ve Cumhuriyet mahallelerinde saat 12.30 s\u0131ralar\u0131nda ba\u015flayan yo\u011fun ya\u011f\u0131\u015f\u0131n sele d\u00f6n\u00fc\u015fmesi sonucu \u00e7ok say\u0131da ev ve i\u015f yerini su bast\u0131. Sel nedeniyle \u00e7ok say\u0131da ara\u00e7 su alt\u0131nda kal\u0131rken, ara\u00e7lar\u0131 ile mahsur kalan 5 ki\u015fi, jandarma ve itfaiye ekipleri taraf\u0131ndan kurtar\u0131ld\u0131. Mahallelerde hasar tespit \u00e7al\u0131\u015fmalar\u0131 AFAD ekipleri koordinesinde devam ediyor.<\/p>\n<p>Kay\u0131p ki\u015finin kimli\u011fi belli oldu<br \/>\n<br \/>Ayr\u0131ca otomobiliyle sel sular\u0131nda s\u00fcr\u00fcklenen, arac\u0131 bulunan ancak kendisine ula\u015f\u0131lamayan ki\u015finin 70 ya\u015f\u0131ndaki B\u00fclent Kaptano\u011flu oldu\u011fu ortaya \u00e7\u0131kt\u0131. Kaptano\u011flu\u2019nun, menfez ge\u00e7i\u015fi esnas\u0131nda sel sular\u0131na kap\u0131larak s\u00fcr\u00fcklendi\u011fi ve kayboldu\u011fu ihbar\u0131 \u00fczerine b\u00f6lgeye sevk edilen  AFAD ve jandarma ekipleri, otomobili suya kap\u0131ld\u0131\u011f\u0131 yerden yakla\u015f\u0131k 1 kilometre uzakl\u0131kta buldu. Ara\u00e7 i\u00e7inde yap\u0131lan kontrolde B\u00fclent Kaptano\u011flu bulunamam\u0131\u015ft\u0131.<br \/>\n<br \/>B\u00f6lgede AFAD, jandarma, itfaiye ve belediye ekiplerinin koordineli \u015fekilde y\u00fcr\u00fctt\u00fc\u011f\u00fc arama kurtarma \u00e7al\u0131\u015fmalar\u0131 s\u00fcr\u00fcyor.<br \/><\/p>\n","protected":false},"excerpt":{"rendered":"<p>\u0130zmir\u2019in Fo\u00e7a il\u00e7esinde arac\u0131yla birlikte sel sular\u0131na kap\u0131lan vatanda\u015f\u0131n kimli\u011fi belirlendi. Ekipler, 70 ya\u015f\u0131ndaki B\u00fclent Kaptano\u011flu\u2019nu bulmak i\u00e7in arama \u00e7al\u0131\u015fmalar\u0131n\u0131 s\u00fcrd\u00fcr\u00fcyor. Fo\u00e7a il\u00e7esi Mustafa Kemal Atat\u00fcrk, Fevzi \u00c7akmak ve Cumhuriyet mahallelerinde saat 12.30 s\u0131ralar\u0131nda ba\u015flayan yo\u011fun ya\u011f\u0131\u015f\u0131n sele d\u00f6n\u00fc\u015fmesi sonucu \u00e7ok say\u0131da ev ve i\u015f yerini su bast\u0131. Sel nedeniyle \u00e7ok say\u0131da ara\u00e7 su alt\u0131nda&#8230;<\/p>\n","protected":false},"author":1,"featured_media":63457,"comment_status":"open","ping_status":"open","sticky":false,"template":"","format":"standard","meta":{"_crdt_document":"","footnotes":""},"categories":[5],"tags":[],"class_list":["post-63456","post","type-post","status-publish","format-standard","has-post-thumbnail","hentry","category-asayis"],"_links":{"self":[{"href":"https:\/\/www.egemtv.com\/index.php?rest_route=\/wp\/v2\/posts\/63456","targetHints":{"allow":["GET"]}}],"collection":[{"href":"https:\/\/www.egemtv.com\/index.php?rest_route=\/wp\/v2\/posts"}],"about":[{"href":"https:\/\/www.egemtv.com\/index.php?rest_route=\/wp\/v2\/types\/post"}],"author":[{"embeddable":true,"href":"https:\/\/www.egemtv.com\/index.php?rest_route=\/wp\/v2\/users\/1"}],"replies":[{"embeddable":true,"href":"https:\/\/www.egemtv.com\/index.php?rest_route=%2Fwp%2Fv2%2Fcomments&post=63456"}],"version-history":[{"count":1,"href":"https:\/\/www.egemtv.com\/index.php?rest_route=\/wp\/v2\/posts\/63456\/revisions"}],"predecessor-version":[{"id":63458,"href":"https:\/\/www.egemtv.com\/index.php?rest_route=\/wp\/v2\/posts\/63456\/revisions\/63458"}],"wp:featuredmedia":[{"embeddable":true,"href":"https:\/\/www.egemtv.com\/index.php?rest_route=\/wp\/v2\/media\/63457"}],"wp:attachment":[{"href":"https:\/\/www.egemtv.com\/index.php?rest_route=%2Fwp%2Fv2%2Fmedia&parent=63456"}],"wp:term":[{"taxonomy":"category","embeddable":true,"href":"https:\/\/www.egemtv.com\/index.php?rest_route=%2Fwp%2Fv2%2Fcategories&post=63456"},{"taxonomy":"post_tag","embeddable":true,"href":"https:\/\/www.egemtv.com\/index.php?rest_route=%2Fwp%2Fv2%2Ftags&post=63456"}],"curies":[{"name":"wp","href":"https:\/\/api.w.org\/{rel}","templated":true}]}}