{"id":63453,"date":"2025-10-23T19:15:55","date_gmt":"2025-10-23T16:15:55","guid":{"rendered":"https:\/\/www.egemtv.com\/?p=63453"},"modified":"2025-10-23T19:15:56","modified_gmt":"2025-10-23T16:15:56","slug":"karpuzlu-kaymakami-gorevine-basladi","status":"publish","type":"post","link":"https:\/\/www.egemtv.com\/?p=63453","title":{"rendered":"Karpuzlu Kaymakam\u0131 g\u00f6revine ba\u015flad\u0131"},"content":{"rendered":"<p>Ayd\u0131n\u2019\u0131n Karpuzlu il\u00e7esine atanan Kaymakam Mustafa Bayram, g\u00f6revine ba\u015flad\u0131.<\/p>\n<p>\u0130\u00e7i\u015fleri Bakanl\u0131\u011f\u0131 taraf\u0131ndan Karpuzlu il\u00e7esine atanan Kaymakam Mustafa Bayram, yeni g\u00f6rev yerine ba\u015flad\u0131. G\u00f6revine ba\u015flayan Bayram\u2019\u0131n ilk adresi Ayd\u0131n Valisi Yakup Canbolat oldu. Vali Canbolat\u2019\u0131 makam\u0131nda ziyaret eden Kaymakam Bayram, kaymakaml\u0131k binas\u0131na gelerek g\u00f6revine ba\u015flad\u0131. Karpuzlu Kaymakaml\u0131\u011f\u0131\u2019ndan yap\u0131lan a\u00e7\u0131klamada &#8220;16 Ekim 2025 tarihli \u0130\u00e7i\u015fleri Bakanl\u0131\u011f\u0131 onay\u0131 ile il\u00e7emiz Kaymakam\u0131 olarak atanan Mustafa Bayram g\u00f6revine ba\u015flam\u0131\u015ft\u0131r&#8221; ifadeleri yer ald\u0131.<\/p>\n<p>Ayd\u0131n Valisi Yakup Canbolat ise Kaymakam Bayram\u2019a g\u00f6revinde ba\u015faralar dilerken Ayd\u0131n Valili\u011fi\u2019nden yap\u0131lan a\u00e7\u0131klamada da &#8220;\u0130\u00e7i\u015fleri Bakanl\u0131\u011f\u0131\u2019n\u0131n onay\u0131yla Karpuzlu Kaymakam Vekili olarak g\u00f6revlendirilen 110. D\u00f6nem Kaymakam Aday\u0131 Mustafa Bayram, Vali Yakup Canbolat\u2019\u0131 makam\u0131nda ziyaret etti&#8221; ifadeleri yer ald\u0131.<br \/><\/p>\n","protected":false},"excerpt":{"rendered":"<p>Ayd\u0131n\u2019\u0131n Karpuzlu il\u00e7esine atanan Kaymakam Mustafa Bayram, g\u00f6revine ba\u015flad\u0131. \u0130\u00e7i\u015fleri Bakanl\u0131\u011f\u0131 taraf\u0131ndan Karpuzlu il\u00e7esine atanan Kaymakam Mustafa Bayram, yeni g\u00f6rev yerine ba\u015flad\u0131. G\u00f6revine ba\u015flayan Bayram\u2019\u0131n ilk adresi Ayd\u0131n Valisi Yakup Canbolat oldu. Vali Canbolat\u2019\u0131 makam\u0131nda ziyaret eden Kaymakam Bayram, kaymakaml\u0131k binas\u0131na gelerek g\u00f6revine ba\u015flad\u0131. Karpuzlu Kaymakaml\u0131\u011f\u0131\u2019ndan yap\u0131lan a\u00e7\u0131klamada &#8220;16 Ekim 2025 tarihli \u0130\u00e7i\u015fleri Bakanl\u0131\u011f\u0131 onay\u0131&#8230;<\/p>\n","protected":false},"author":1,"featured_media":63454,"comment_status":"open","ping_status":"open","sticky":false,"template":"","format":"standard","meta":{"_crdt_document":"","footnotes":""},"categories":[1],"tags":[],"class_list":["post-63453","post","type-post","status-publish","format-standard","has-post-thumbnail","hentry","category-guncel"],"_links":{"self":[{"href":"https:\/\/www.egemtv.com\/index.php?rest_route=\/wp\/v2\/posts\/63453","targetHints":{"allow":["GET"]}}],"collection":[{"href":"https:\/\/www.egemtv.com\/index.php?rest_route=\/wp\/v2\/posts"}],"about":[{"href":"https:\/\/www.egemtv.com\/index.php?rest_route=\/wp\/v2\/types\/post"}],"author":[{"embeddable":true,"href":"https:\/\/www.egemtv.com\/index.php?rest_route=\/wp\/v2\/users\/1"}],"replies":[{"embeddable":true,"href":"https:\/\/www.egemtv.com\/index.php?rest_route=%2Fwp%2Fv2%2Fcomments&post=63453"}],"version-history":[{"count":1,"href":"https:\/\/www.egemtv.com\/index.php?rest_route=\/wp\/v2\/posts\/63453\/revisions"}],"predecessor-version":[{"id":63455,"href":"https:\/\/www.egemtv.com\/index.php?rest_route=\/wp\/v2\/posts\/63453\/revisions\/63455"}],"wp:featuredmedia":[{"embeddable":true,"href":"https:\/\/www.egemtv.com\/index.php?rest_route=\/wp\/v2\/media\/63454"}],"wp:attachment":[{"href":"https:\/\/www.egemtv.com\/index.php?rest_route=%2Fwp%2Fv2%2Fmedia&parent=63453"}],"wp:term":[{"taxonomy":"category","embeddable":true,"href":"https:\/\/www.egemtv.com\/index.php?rest_route=%2Fwp%2Fv2%2Fcategories&post=63453"},{"taxonomy":"post_tag","embeddable":true,"href":"https:\/\/www.egemtv.com\/index.php?rest_route=%2Fwp%2Fv2%2Ftags&post=63453"}],"curies":[{"name":"wp","href":"https:\/\/api.w.org\/{rel}","templated":true}]}}