{"id":63450,"date":"2025-10-23T18:36:44","date_gmt":"2025-10-23T15:36:44","guid":{"rendered":"https:\/\/www.egemtv.com\/?p=63450"},"modified":"2025-10-23T18:36:45","modified_gmt":"2025-10-23T15:36:45","slug":"yarismalarda-derece-elde-eden-ogrenciler-odullendirildi","status":"publish","type":"post","link":"https:\/\/www.egemtv.com\/?p=63450","title":{"rendered":"Yar\u0131\u015fmalarda derece elde eden \u00f6\u011frenciler \u00f6d\u00fcllendirildi"},"content":{"rendered":"<p>K\u00fctahya Valisi Musa I\u015f\u0131n, ulusal ve uluslararas\u0131 yar\u0131\u015fmalarda derece elde eden \u00f6\u011frencileri ve \u00f6\u011fretmenlerini valilik makam\u0131nda kabul etti.<br \/>\n<br \/>Kabulde, K\u00fctahya \u0130l Milli E\u011fitim M\u00fcd\u00fcr\u00fc Mustafa Y\u0131lmaz, \u00f6\u011frencilerin elde ettikleri ba\u015far\u0131lar hakk\u0131nda Vali Musa I\u015f\u0131n\u2019a bilgi verdi. Y\u0131lmaz, &#8220;Bir s\u00fcre \u00f6nce Kazakistan\u2019da d\u00fczenlenen TurkicSkills Ustal\u0131k Yar\u0131\u015fmas\u0131 Drone Kategorisi\u2019nde birinci olan Nafi G\u00fcral Fen Lisesi \u00f6\u011frencisi Doruk Cengiz, b\u00fcy\u00fck bir ba\u015far\u0131ya imza att\u0131. Ayr\u0131ca, K\u00fctahya Ak\u015femsettin K\u0131z Anadolu \u0130mam Hatip Lisesi \u00f6\u011frencileri H\u00fcsna \u00d6ren ve Fatma I\u015f\u0131l Kahraman, Mill\u00ee E\u011fitim Bakanl\u0131\u011f\u0131 Din \u00d6\u011fretimi Genel M\u00fcd\u00fcrl\u00fc\u011f\u00fc taraf\u0131ndan d\u00fczenlenen \u2019Din \u00d6\u011fretiminde Ba\u015far\u0131l\u0131 \u00d6rnekler Sergisi\u2019 kapsam\u0131nda \u2019Manevi Miras\u0131n \u0130zinde: S\u00fcrre Alay\u0131\u2019 projesiyle T\u00fcrkiye 3.\u2019s\u00fc oldu. Gediz K\u0131z Anadolu \u0130mam Hatip Lisesi \u00f6\u011frencileri Ceylin Bilgi ve Fatma Aymaz ise Din \u00d6\u011fretimi Genel M\u00fcd\u00fcrl\u00fc\u011f\u00fc SADA K\u00fclt\u00fcr, Sanat ve Edebiyat Program\u0131 \u00e7er\u00e7evesinde haz\u0131rlad\u0131klar\u0131 &#8220;Merce\u011fimdeki D\u00fc\u015fler&#8221; projesiyle, K\u00fclt\u00fcr, Sanat ve Spor Kategorisi\u2019nde T\u00fcrkiye birincili\u011fine ula\u015ft\u0131&#8221; dedi.<\/p>\n<p>&#8220;K\u00fctahyal\u0131lara gururland\u0131rd\u0131n\u0131z&#8221;<br \/>\n<br \/>\u00d6\u011frenciler, \u00f6\u011fretmenleriyle birlikte projelerini Vali Musa I\u015f\u0131n\u2019a anlatarak s\u00fcre\u00e7 hakk\u0131nda bilgi payla\u015ft\u0131lar.<br \/>\n<br \/>Vali Musa I\u015f\u0131n, \u00f6\u011frencilerin elde etti\u011fi ba\u015far\u0131lar\u0131n K\u00fctahya ad\u0131na b\u00fcy\u00fck bir gurur kayna\u011f\u0131 oldu\u011funu vurgulayarak, &#8220;Bu ba\u015far\u0131lar hem ilimizin hem de \u00fclkemizin gelece\u011fi a\u00e7\u0131s\u0131ndan umut verici \u00f6rneklerdir. Gen\u00e7lerimizin gayreti, \u00f6\u011fretmenlerimizin rehberli\u011fiyle birle\u015fince K\u00fctahya\u2019n\u0131n ad\u0131n\u0131 her alanda duyurmaya devam edece\u011fiz&#8221; diye konu\u015ftu.<br \/>\n<br \/>Vali I\u015f\u0131n, \u00f6\u011frencileri ve \u00f6\u011fretmenlerini tebrik ederek ba\u015far\u0131lar\u0131n\u0131n devam\u0131n\u0131 diledi.<br \/>\n<br \/>Program sonunda, ba\u015far\u0131l\u0131 \u00f6\u011frencilere hediyeleri takdim edildi.<br \/>\n<br \/>D\u00fcnya dron \u015fampiyonu Doruk Cengiz, valilik binas\u0131 \u00f6n\u00fcnde Vali Musa I\u015f\u0131n ve kat\u0131l\u0131mc\u0131lara g\u00f6steri sundu. G\u00f6steri, adeta nefesleri kesti.<br \/><\/p>\n","protected":false},"excerpt":{"rendered":"<p>K\u00fctahya Valisi Musa I\u015f\u0131n, ulusal ve uluslararas\u0131 yar\u0131\u015fmalarda derece elde eden \u00f6\u011frencileri ve \u00f6\u011fretmenlerini valilik makam\u0131nda kabul etti. Kabulde, K\u00fctahya \u0130l Milli E\u011fitim M\u00fcd\u00fcr\u00fc Mustafa Y\u0131lmaz, \u00f6\u011frencilerin elde ettikleri ba\u015far\u0131lar hakk\u0131nda Vali Musa I\u015f\u0131n\u2019a bilgi verdi. Y\u0131lmaz, &#8220;Bir s\u00fcre \u00f6nce Kazakistan\u2019da d\u00fczenlenen TurkicSkills Ustal\u0131k Yar\u0131\u015fmas\u0131 Drone Kategorisi\u2019nde birinci olan Nafi G\u00fcral Fen Lisesi \u00f6\u011frencisi Doruk&#8230;<\/p>\n","protected":false},"author":1,"featured_media":63451,"comment_status":"open","ping_status":"open","sticky":false,"template":"","format":"standard","meta":{"_crdt_document":"","footnotes":""},"categories":[123],"tags":[],"class_list":["post-63450","post","type-post","status-publish","format-standard","has-post-thumbnail","hentry","category-gundem"],"_links":{"self":[{"href":"https:\/\/www.egemtv.com\/index.php?rest_route=\/wp\/v2\/posts\/63450","targetHints":{"allow":["GET"]}}],"collection":[{"href":"https:\/\/www.egemtv.com\/index.php?rest_route=\/wp\/v2\/posts"}],"about":[{"href":"https:\/\/www.egemtv.com\/index.php?rest_route=\/wp\/v2\/types\/post"}],"author":[{"embeddable":true,"href":"https:\/\/www.egemtv.com\/index.php?rest_route=\/wp\/v2\/users\/1"}],"replies":[{"embeddable":true,"href":"https:\/\/www.egemtv.com\/index.php?rest_route=%2Fwp%2Fv2%2Fcomments&post=63450"}],"version-history":[{"count":1,"href":"https:\/\/www.egemtv.com\/index.php?rest_route=\/wp\/v2\/posts\/63450\/revisions"}],"predecessor-version":[{"id":63452,"href":"https:\/\/www.egemtv.com\/index.php?rest_route=\/wp\/v2\/posts\/63450\/revisions\/63452"}],"wp:featuredmedia":[{"embeddable":true,"href":"https:\/\/www.egemtv.com\/index.php?rest_route=\/wp\/v2\/media\/63451"}],"wp:attachment":[{"href":"https:\/\/www.egemtv.com\/index.php?rest_route=%2Fwp%2Fv2%2Fmedia&parent=63450"}],"wp:term":[{"taxonomy":"category","embeddable":true,"href":"https:\/\/www.egemtv.com\/index.php?rest_route=%2Fwp%2Fv2%2Fcategories&post=63450"},{"taxonomy":"post_tag","embeddable":true,"href":"https:\/\/www.egemtv.com\/index.php?rest_route=%2Fwp%2Fv2%2Ftags&post=63450"}],"curies":[{"name":"wp","href":"https:\/\/api.w.org\/{rel}","templated":true}]}}