{"id":63447,"date":"2025-10-23T18:36:42","date_gmt":"2025-10-23T15:36:42","guid":{"rendered":"https:\/\/www.egemtv.com\/?p=63447"},"modified":"2025-10-23T18:36:43","modified_gmt":"2025-10-23T15:36:43","slug":"aliaga-belediyesinden-sel-bolgesine-destek","status":"publish","type":"post","link":"https:\/\/www.egemtv.com\/?p=63447","title":{"rendered":"Alia\u011fa Belediyesinden sel b\u00f6lgesine destek"},"content":{"rendered":"<p>\u0130zmir\u2019in Fo\u00e7a il\u00e7esindeki sel felaketinin ard\u0131ndan Alia\u011fa Belediyesi ekipleri, h\u0131zla b\u00f6lgeye ula\u015farak su tahliye ve temizlik \u00e7al\u0131\u015fmalar\u0131na destek verdi.<br \/>\n<br \/>Belediyeye ait i\u015f makineleri, kamyonlar ve personel, Yeni Fo\u00e7a\u2019da hayat\u0131n normale d\u00f6nmesi i\u00e7in aral\u0131ks\u0131z \u00e7al\u0131\u015f\u0131yor. \u0130zmir\u2019in Fo\u00e7a il\u00e7esinde etkili olan sa\u011fanak ya\u011f\u0131\u015f, hayat\u0131 olumsuz etkiledi. \u0130l\u00e7ede bir\u00e7ok ev, i\u015f yeri ve ara\u00e7 sel sular\u0131na teslim oldu. Fo\u00e7a Belediye Ba\u015fkan\u0131 Saniye Bora F\u0131\u00e7\u0131, &#8220;Fo\u00e7a\u2019n\u0131n \u015fu anda yard\u0131ma ihtiyac\u0131 var&#8221; diyerek destek \u00e7a\u011fr\u0131s\u0131nda bulundu. Ya\u011f\u0131\u015f\u0131n ard\u0131ndan b\u00f6lgeye \u00e7ok say\u0131da ekip sevk edildi. Ba\u015fkan F\u0131\u00e7\u0131, ya\u015fanan durumun ola\u011fan\u00fcst\u00fc oldu\u011funu belirterek, &#8220;Ciddi bir sel bask\u0131n\u0131yla kar\u015f\u0131 kar\u015f\u0131yay\u0131z. Herkesi destek olmaya davet ediyoruz&#8221; dedi.<br \/>\n<br \/>Yard\u0131m \u00e7a\u011fr\u0131s\u0131n\u0131n ard\u0131ndan Alia\u011fa Belediyesi\u2019ne ait i\u015f makineleri, kamyonlar ve personel Yeni Fo\u00e7a\u2019ya intikal ederek \u00e7al\u0131\u015fmalara kat\u0131ld\u0131. Ekiplerin b\u00f6lgedeki su tahliye ve temizlik \u00e7al\u0131\u015fmalar\u0131na destek verdi\u011fi \u00f6\u011frenildi.<br \/><\/p>\n","protected":false},"excerpt":{"rendered":"<p>\u0130zmir\u2019in Fo\u00e7a il\u00e7esindeki sel felaketinin ard\u0131ndan Alia\u011fa Belediyesi ekipleri, h\u0131zla b\u00f6lgeye ula\u015farak su tahliye ve temizlik \u00e7al\u0131\u015fmalar\u0131na destek verdi. Belediyeye ait i\u015f makineleri, kamyonlar ve personel, Yeni Fo\u00e7a\u2019da hayat\u0131n normale d\u00f6nmesi i\u00e7in aral\u0131ks\u0131z \u00e7al\u0131\u015f\u0131yor. \u0130zmir\u2019in Fo\u00e7a il\u00e7esinde etkili olan sa\u011fanak ya\u011f\u0131\u015f, hayat\u0131 olumsuz etkiledi. \u0130l\u00e7ede bir\u00e7ok ev, i\u015f yeri ve ara\u00e7 sel sular\u0131na teslim oldu&#8230;.<\/p>\n","protected":false},"author":1,"featured_media":63448,"comment_status":"open","ping_status":"open","sticky":false,"template":"","format":"standard","meta":{"_crdt_document":"","footnotes":""},"categories":[1],"tags":[],"class_list":["post-63447","post","type-post","status-publish","format-standard","has-post-thumbnail","hentry","category-guncel"],"_links":{"self":[{"href":"https:\/\/www.egemtv.com\/index.php?rest_route=\/wp\/v2\/posts\/63447","targetHints":{"allow":["GET"]}}],"collection":[{"href":"https:\/\/www.egemtv.com\/index.php?rest_route=\/wp\/v2\/posts"}],"about":[{"href":"https:\/\/www.egemtv.com\/index.php?rest_route=\/wp\/v2\/types\/post"}],"author":[{"embeddable":true,"href":"https:\/\/www.egemtv.com\/index.php?rest_route=\/wp\/v2\/users\/1"}],"replies":[{"embeddable":true,"href":"https:\/\/www.egemtv.com\/index.php?rest_route=%2Fwp%2Fv2%2Fcomments&post=63447"}],"version-history":[{"count":1,"href":"https:\/\/www.egemtv.com\/index.php?rest_route=\/wp\/v2\/posts\/63447\/revisions"}],"predecessor-version":[{"id":63449,"href":"https:\/\/www.egemtv.com\/index.php?rest_route=\/wp\/v2\/posts\/63447\/revisions\/63449"}],"wp:featuredmedia":[{"embeddable":true,"href":"https:\/\/www.egemtv.com\/index.php?rest_route=\/wp\/v2\/media\/63448"}],"wp:attachment":[{"href":"https:\/\/www.egemtv.com\/index.php?rest_route=%2Fwp%2Fv2%2Fmedia&parent=63447"}],"wp:term":[{"taxonomy":"category","embeddable":true,"href":"https:\/\/www.egemtv.com\/index.php?rest_route=%2Fwp%2Fv2%2Fcategories&post=63447"},{"taxonomy":"post_tag","embeddable":true,"href":"https:\/\/www.egemtv.com\/index.php?rest_route=%2Fwp%2Fv2%2Ftags&post=63447"}],"curies":[{"name":"wp","href":"https:\/\/api.w.org\/{rel}","templated":true}]}}