{"id":63444,"date":"2025-10-23T18:15:00","date_gmt":"2025-10-23T15:15:00","guid":{"rendered":"https:\/\/www.egemtv.com\/?p=63444"},"modified":"2025-10-23T18:15:01","modified_gmt":"2025-10-23T15:15:01","slug":"focada-yogun-yagis-sele-yol-acti-1-kisi-kayip","status":"publish","type":"post","link":"https:\/\/www.egemtv.com\/?p=63444","title":{"rendered":"Fo\u00e7a\u2019da yo\u011fun ya\u011f\u0131\u015f sele yol a\u00e7t\u0131: 1 ki\u015fi kay\u0131p"},"content":{"rendered":"<p>\u0130zmir Valili\u011fi, Fo\u00e7a il\u00e7esinde sa\u011fanak ya\u011f\u0131\u015f\u0131n neden oldu\u011fu sel sular\u0131na kap\u0131lan bir vatanda\u015f\u0131n kay\u0131p oldu\u011funu, arama \u00e7al\u0131\u015fmalar\u0131n\u0131n devam etti\u011fini a\u00e7\u0131klad\u0131.<br \/>\n<br \/>\u0130zmir Valili\u011finden yap\u0131lan a\u00e7\u0131klamada, &#8220;Fo\u00e7a il\u00e7esinde bug\u00fcn yo\u011fun sa\u011fanak ya\u011f\u0131\u015f meydana gelmi\u015ftir. Fo\u00e7a ve Yeni Fo\u00e7a\u2019da etkili olan ya\u011f\u0131\u015f neticesinde il\u00e7emiz 1 bu\u00e7uk saat i\u00e7erisinde yakla\u015f\u0131k olarak metrekareye 144 kilogram ya\u011f\u0131\u015f alm\u0131\u015ft\u0131r. Yeni Fo\u00e7a Bucak mevkiinde, yo\u011fun ya\u011f\u0131\u015f neticesinde olu\u015fan sele \u00f6zel arac\u0131yla kap\u0131lan bir vatanda\u015f\u0131m\u0131z\u0131n arac\u0131na ekiplerimizce ula\u015f\u0131lm\u0131\u015f, yap\u0131lan kontroller neticesinde ara\u00e7 i\u00e7erisinde olmad\u0131\u011f\u0131 tespit edilmi\u015ftir. Vatanda\u015f\u0131m\u0131z\u0131 arama \u00e7al\u0131\u015fmalar\u0131 t\u00fcm h\u0131z\u0131yla devam etmektedir&#8221; denildi.<\/p>\n<p>Su bask\u0131nlar\u0131<br \/>\n<br \/>Ya\u011f\u0131\u015f sonucu Fo\u00e7a ve Yeni Fo\u00e7a\u2019da \u00e7ok say\u0131da ev ve i\u015f yerinde su bask\u0131nlar\u0131 meydana geldi\u011fi belirtilen a\u00e7\u0131klamada, &#8220;Ekiplerimiz b\u00f6lgede olu\u015fan olumsuzluklara h\u0131zla m\u00fcdahaleye devam etmektedir. An itibariyle yaln\u0131zca maddi hasar tespit edilmi\u015f olup, herhangi bir yaralanma ve can kayb\u0131 bulunmamaktad\u0131r. Vatanda\u015flar\u0131m\u0131z\u0131n can ve mal g\u00fcvenli\u011fini sa\u011flamak amac\u0131yla t\u00fcm kurumlar\u0131m\u0131z koordineli bir \u015fekilde \u00e7al\u0131\u015fmalar\u0131n\u0131 s\u00fcrd\u00fcrmekte, geli\u015fmeler titizlikle takip edilmektedir&#8221; ifadeleri kullan\u0131ld\u0131.<br \/><\/p>\n","protected":false},"excerpt":{"rendered":"<p>\u0130zmir Valili\u011fi, Fo\u00e7a il\u00e7esinde sa\u011fanak ya\u011f\u0131\u015f\u0131n neden oldu\u011fu sel sular\u0131na kap\u0131lan bir vatanda\u015f\u0131n kay\u0131p oldu\u011funu, arama \u00e7al\u0131\u015fmalar\u0131n\u0131n devam etti\u011fini a\u00e7\u0131klad\u0131. \u0130zmir Valili\u011finden yap\u0131lan a\u00e7\u0131klamada, &#8220;Fo\u00e7a il\u00e7esinde bug\u00fcn yo\u011fun sa\u011fanak ya\u011f\u0131\u015f meydana gelmi\u015ftir. Fo\u00e7a ve Yeni Fo\u00e7a\u2019da etkili olan ya\u011f\u0131\u015f neticesinde il\u00e7emiz 1 bu\u00e7uk saat i\u00e7erisinde yakla\u015f\u0131k olarak metrekareye 144 kilogram ya\u011f\u0131\u015f alm\u0131\u015ft\u0131r. Yeni Fo\u00e7a Bucak&#8230;<\/p>\n","protected":false},"author":1,"featured_media":63445,"comment_status":"open","ping_status":"open","sticky":false,"template":"","format":"standard","meta":{"_crdt_document":"","footnotes":""},"categories":[5],"tags":[],"class_list":["post-63444","post","type-post","status-publish","format-standard","has-post-thumbnail","hentry","category-asayis"],"_links":{"self":[{"href":"https:\/\/www.egemtv.com\/index.php?rest_route=\/wp\/v2\/posts\/63444","targetHints":{"allow":["GET"]}}],"collection":[{"href":"https:\/\/www.egemtv.com\/index.php?rest_route=\/wp\/v2\/posts"}],"about":[{"href":"https:\/\/www.egemtv.com\/index.php?rest_route=\/wp\/v2\/types\/post"}],"author":[{"embeddable":true,"href":"https:\/\/www.egemtv.com\/index.php?rest_route=\/wp\/v2\/users\/1"}],"replies":[{"embeddable":true,"href":"https:\/\/www.egemtv.com\/index.php?rest_route=%2Fwp%2Fv2%2Fcomments&post=63444"}],"version-history":[{"count":1,"href":"https:\/\/www.egemtv.com\/index.php?rest_route=\/wp\/v2\/posts\/63444\/revisions"}],"predecessor-version":[{"id":63446,"href":"https:\/\/www.egemtv.com\/index.php?rest_route=\/wp\/v2\/posts\/63444\/revisions\/63446"}],"wp:featuredmedia":[{"embeddable":true,"href":"https:\/\/www.egemtv.com\/index.php?rest_route=\/wp\/v2\/media\/63445"}],"wp:attachment":[{"href":"https:\/\/www.egemtv.com\/index.php?rest_route=%2Fwp%2Fv2%2Fmedia&parent=63444"}],"wp:term":[{"taxonomy":"category","embeddable":true,"href":"https:\/\/www.egemtv.com\/index.php?rest_route=%2Fwp%2Fv2%2Fcategories&post=63444"},{"taxonomy":"post_tag","embeddable":true,"href":"https:\/\/www.egemtv.com\/index.php?rest_route=%2Fwp%2Fv2%2Ftags&post=63444"}],"curies":[{"name":"wp","href":"https:\/\/api.w.org\/{rel}","templated":true}]}}