{"id":63441,"date":"2025-10-23T18:14:57","date_gmt":"2025-10-23T15:14:57","guid":{"rendered":"https:\/\/www.egemtv.com\/?p=63441"},"modified":"2025-10-23T18:14:58","modified_gmt":"2025-10-23T15:14:58","slug":"aydinda-saganak-yagmur-yollari-dereye-cevirdi","status":"publish","type":"post","link":"https:\/\/www.egemtv.com\/?p=63441","title":{"rendered":"Ayd\u0131n\u2019da sa\u011fanak ya\u011fmur yollar\u0131 dereye \u00e7evirdi"},"content":{"rendered":"<p>Ayd\u0131n\u2019da ak\u015fam saatlerinde etkili olan sa\u011fanak ya\u011f\u0131\u015f yollar\u0131 dereye \u00e7evirirken, ara\u00e7 s\u00fcr\u00fcc\u00fcleri ve vatanda\u015flar zaman zaman zor anlar ya\u015fad\u0131.<\/p>\n<p>Meteoroloji\u2019nin sa\u011fanak ya\u011f\u0131\u015f uyar\u0131s\u0131n\u0131n ard\u0131ndan Ayd\u0131n\u2019da ak\u015fam saatlerinde g\u00f6k g\u00fcr\u00fclt\u00fcl\u00fc sa\u011fanak ya\u011f\u0131\u015f etkili oldu. Bir anda bast\u0131ran ya\u011f\u0131\u015f sonras\u0131nda yollar dereye d\u00f6nerken, ara\u00e7 s\u00fcr\u00fcc\u00fcleri ve vatanda\u015flar zor anlar ya\u015fad\u0131. Zaman zaman trafikte aksamalar olurken, ya\u011fmura yakalanan vatanda\u015flar ise s\u0131\u011f\u0131nacak yer arad\u0131. Ya\u011f\u0131\u015f nedeniyle baz\u0131 yollarda su birikintileri olu\u015furken, ara\u00e7 trafi\u011fi sa\u011flanamad\u0131. Ya\u011f\u0131\u015flar\u0131n gece saatlerine kadar aral\u0131klarla devam etmesi bekleniyor.<br \/><\/p>\n","protected":false},"excerpt":{"rendered":"<p>Ayd\u0131n\u2019da ak\u015fam saatlerinde etkili olan sa\u011fanak ya\u011f\u0131\u015f yollar\u0131 dereye \u00e7evirirken, ara\u00e7 s\u00fcr\u00fcc\u00fcleri ve vatanda\u015flar zaman zaman zor anlar ya\u015fad\u0131. Meteoroloji\u2019nin sa\u011fanak ya\u011f\u0131\u015f uyar\u0131s\u0131n\u0131n ard\u0131ndan Ayd\u0131n\u2019da ak\u015fam saatlerinde g\u00f6k g\u00fcr\u00fclt\u00fcl\u00fc sa\u011fanak ya\u011f\u0131\u015f etkili oldu. Bir anda bast\u0131ran ya\u011f\u0131\u015f sonras\u0131nda yollar dereye d\u00f6nerken, ara\u00e7 s\u00fcr\u00fcc\u00fcleri ve vatanda\u015flar zor anlar ya\u015fad\u0131. Zaman zaman trafikte aksamalar olurken, ya\u011fmura yakalanan&#8230;<\/p>\n","protected":false},"author":1,"featured_media":63442,"comment_status":"open","ping_status":"open","sticky":false,"template":"","format":"standard","meta":{"_crdt_document":"","footnotes":""},"categories":[1],"tags":[],"class_list":["post-63441","post","type-post","status-publish","format-standard","has-post-thumbnail","hentry","category-guncel"],"_links":{"self":[{"href":"https:\/\/www.egemtv.com\/index.php?rest_route=\/wp\/v2\/posts\/63441","targetHints":{"allow":["GET"]}}],"collection":[{"href":"https:\/\/www.egemtv.com\/index.php?rest_route=\/wp\/v2\/posts"}],"about":[{"href":"https:\/\/www.egemtv.com\/index.php?rest_route=\/wp\/v2\/types\/post"}],"author":[{"embeddable":true,"href":"https:\/\/www.egemtv.com\/index.php?rest_route=\/wp\/v2\/users\/1"}],"replies":[{"embeddable":true,"href":"https:\/\/www.egemtv.com\/index.php?rest_route=%2Fwp%2Fv2%2Fcomments&post=63441"}],"version-history":[{"count":1,"href":"https:\/\/www.egemtv.com\/index.php?rest_route=\/wp\/v2\/posts\/63441\/revisions"}],"predecessor-version":[{"id":63443,"href":"https:\/\/www.egemtv.com\/index.php?rest_route=\/wp\/v2\/posts\/63441\/revisions\/63443"}],"wp:featuredmedia":[{"embeddable":true,"href":"https:\/\/www.egemtv.com\/index.php?rest_route=\/wp\/v2\/media\/63442"}],"wp:attachment":[{"href":"https:\/\/www.egemtv.com\/index.php?rest_route=%2Fwp%2Fv2%2Fmedia&parent=63441"}],"wp:term":[{"taxonomy":"category","embeddable":true,"href":"https:\/\/www.egemtv.com\/index.php?rest_route=%2Fwp%2Fv2%2Fcategories&post=63441"},{"taxonomy":"post_tag","embeddable":true,"href":"https:\/\/www.egemtv.com\/index.php?rest_route=%2Fwp%2Fv2%2Ftags&post=63441"}],"curies":[{"name":"wp","href":"https:\/\/api.w.org\/{rel}","templated":true}]}}