{"id":63438,"date":"2025-10-23T17:55:47","date_gmt":"2025-10-23T14:55:47","guid":{"rendered":"https:\/\/www.egemtv.com\/?p=63438"},"modified":"2025-10-23T17:55:48","modified_gmt":"2025-10-23T14:55:48","slug":"gordeste-iki-arac-kafa-kafaya-carpisti-4-yarali","status":"publish","type":"post","link":"https:\/\/www.egemtv.com\/?p=63438","title":{"rendered":"G\u00f6rdes\u2019te iki ara\u00e7 kafa kafaya \u00e7arp\u0131\u015ft\u0131: 4 yaral\u0131"},"content":{"rendered":"<p>Manisa\u2019n\u0131n G\u00f6rdes il\u00e7esinde iki arac\u0131n kafa kafaya \u00e7arp\u0131\u015fmas\u0131 sonucu meydana gelen trafik kazas\u0131nda 4 ki\u015fi hafif \u015fekilde yaraland\u0131.<br \/>\n<br \/>Kaza, G\u00f6rdes-Salihli Karayolu \u00fczerindeki Koruba\u015f\u0131 Mahallesi mevkiinde saat 16.15 s\u0131ralar\u0131nda meydana geldi. Edinilen bilgiye g\u00f6re, Mahmut Bek (42) idaresindeki 45 AVG 781 plakal\u0131 kamyon ile Nail Hasan \u00c7ak\u0131r (33) y\u00f6netimindeki 45 ADP 130 plakal\u0131 otomobil, hen\u00fcz belirlenemeyen bir nedenle kafa kafaya \u00e7arp\u0131\u015ft\u0131.<br \/>\n<br \/>Yolun \u0131slak olmas\u0131 nedeniyle meydana geldi\u011fi de\u011ferlendirilen kazada, ara\u00e7larda bulunan 4 ki\u015fi hafif \u015fekilde yaraland\u0131. Yaral\u0131lar, olay yerine gelen 112 Acil Servis ekipleri taraf\u0131ndan G\u00f6rdes Devlet Hastanesi\u2019ne kald\u0131r\u0131larak tedavi alt\u0131na al\u0131nd\u0131.<br \/>\n<br \/>Kazayla ilgili soru\u015fturma ba\u015flat\u0131ld\u0131.<br \/><\/p>\n","protected":false},"excerpt":{"rendered":"<p>Manisa\u2019n\u0131n G\u00f6rdes il\u00e7esinde iki arac\u0131n kafa kafaya \u00e7arp\u0131\u015fmas\u0131 sonucu meydana gelen trafik kazas\u0131nda 4 ki\u015fi hafif \u015fekilde yaraland\u0131. Kaza, G\u00f6rdes-Salihli Karayolu \u00fczerindeki Koruba\u015f\u0131 Mahallesi mevkiinde saat 16.15 s\u0131ralar\u0131nda meydana geldi. Edinilen bilgiye g\u00f6re, Mahmut Bek (42) idaresindeki 45 AVG 781 plakal\u0131 kamyon ile Nail Hasan \u00c7ak\u0131r (33) y\u00f6netimindeki 45 ADP 130 plakal\u0131 otomobil, hen\u00fcz belirlenemeyen&#8230;<\/p>\n","protected":false},"author":1,"featured_media":63439,"comment_status":"open","ping_status":"open","sticky":false,"template":"","format":"standard","meta":{"_crdt_document":"","footnotes":""},"categories":[5],"tags":[],"class_list":["post-63438","post","type-post","status-publish","format-standard","has-post-thumbnail","hentry","category-asayis"],"_links":{"self":[{"href":"https:\/\/www.egemtv.com\/index.php?rest_route=\/wp\/v2\/posts\/63438","targetHints":{"allow":["GET"]}}],"collection":[{"href":"https:\/\/www.egemtv.com\/index.php?rest_route=\/wp\/v2\/posts"}],"about":[{"href":"https:\/\/www.egemtv.com\/index.php?rest_route=\/wp\/v2\/types\/post"}],"author":[{"embeddable":true,"href":"https:\/\/www.egemtv.com\/index.php?rest_route=\/wp\/v2\/users\/1"}],"replies":[{"embeddable":true,"href":"https:\/\/www.egemtv.com\/index.php?rest_route=%2Fwp%2Fv2%2Fcomments&post=63438"}],"version-history":[{"count":1,"href":"https:\/\/www.egemtv.com\/index.php?rest_route=\/wp\/v2\/posts\/63438\/revisions"}],"predecessor-version":[{"id":63440,"href":"https:\/\/www.egemtv.com\/index.php?rest_route=\/wp\/v2\/posts\/63438\/revisions\/63440"}],"wp:featuredmedia":[{"embeddable":true,"href":"https:\/\/www.egemtv.com\/index.php?rest_route=\/wp\/v2\/media\/63439"}],"wp:attachment":[{"href":"https:\/\/www.egemtv.com\/index.php?rest_route=%2Fwp%2Fv2%2Fmedia&parent=63438"}],"wp:term":[{"taxonomy":"category","embeddable":true,"href":"https:\/\/www.egemtv.com\/index.php?rest_route=%2Fwp%2Fv2%2Fcategories&post=63438"},{"taxonomy":"post_tag","embeddable":true,"href":"https:\/\/www.egemtv.com\/index.php?rest_route=%2Fwp%2Fv2%2Ftags&post=63438"}],"curies":[{"name":"wp","href":"https:\/\/api.w.org\/{rel}","templated":true}]}}