{"id":63435,"date":"2025-10-23T17:55:44","date_gmt":"2025-10-23T14:55:44","guid":{"rendered":"https:\/\/www.egemtv.com\/?p=63435"},"modified":"2025-10-23T17:55:46","modified_gmt":"2025-10-23T14:55:46","slug":"yeni-universiteliler-salihliyi-kesfetti","status":"publish","type":"post","link":"https:\/\/www.egemtv.com\/?p=63435","title":{"rendered":"Yeni \u00fcniversiteliler Salihli\u2019yi ke\u015ffetti"},"content":{"rendered":"<p>Manisa\u2019n\u0131n Salihli il\u00e7esinde, Gen\u00e7lik Merkezi M\u00fcd\u00fcrl\u00fc\u011f\u00fc, Yurt M\u00fcd\u00fcrl\u00fc\u011f\u00fc ve \u0130l\u00e7e M\u00fcft\u00fcl\u00fc\u011f\u00fc i\u015f birli\u011fiyle hayata ge\u00e7irilen &#8220;Gelin Tan\u0131\u015f Olal\u0131m&#8221; projesi kapsam\u0131nda anlaml\u0131 bir etkinlik d\u00fczenlendi.<br \/>\n<br \/>Celal Bayar \u00dcniversitesi\u2019ne yeni ba\u015flayan \u00f6\u011frencilerin kat\u0131l\u0131m\u0131yla ger\u00e7ekle\u015fen etkinlikte, gen\u00e7ler hem birbirleriyle tan\u0131\u015fma f\u0131rsat\u0131 buldu hem de Salihli\u2019nin do\u011fal ve tarihi g\u00fczelliklerini yak\u0131ndan tan\u0131d\u0131.<br \/>\n<br \/>Program kapsam\u0131nda \u00f6\u011frenciler, il\u00e7enin \u00f6nemli noktalar\u0131n\u0131 gezerek bilgi ald\u0131. Etkinli\u011fin son b\u00f6l\u00fcm\u00fcnde ise k\u0131sa s\u00fcre \u00f6nce hizmete giren Ramiz Turan Spor Kompleksi ziyaret edilerek, tesisin imkanlar\u0131 hakk\u0131nda bilgi verildi.<br \/>\n<br \/>Gen\u00e7lik Merkezi yetkilileri, projenin amac\u0131n\u0131n Salihli\u2019ye yeni gelen gen\u00e7lerin \u015fehre ve birbirlerine uyum sa\u011flamalar\u0131na destek olmak oldu\u011funu belirterek, &#8220;Gelin Tan\u0131\u015f Olal\u0131m projesiyle gen\u00e7lerimizi hem \u015fehrimizle tan\u0131\u015ft\u0131r\u0131yor hem de sosyal ba\u011flar\u0131n\u0131 g\u00fc\u00e7lendiriyoruz&#8221; ifadelerini kulland\u0131.<br \/><\/p>\n","protected":false},"excerpt":{"rendered":"<p>Manisa\u2019n\u0131n Salihli il\u00e7esinde, Gen\u00e7lik Merkezi M\u00fcd\u00fcrl\u00fc\u011f\u00fc, Yurt M\u00fcd\u00fcrl\u00fc\u011f\u00fc ve \u0130l\u00e7e M\u00fcft\u00fcl\u00fc\u011f\u00fc i\u015f birli\u011fiyle hayata ge\u00e7irilen &#8220;Gelin Tan\u0131\u015f Olal\u0131m&#8221; projesi kapsam\u0131nda anlaml\u0131 bir etkinlik d\u00fczenlendi. Celal Bayar \u00dcniversitesi\u2019ne yeni ba\u015flayan \u00f6\u011frencilerin kat\u0131l\u0131m\u0131yla ger\u00e7ekle\u015fen etkinlikte, gen\u00e7ler hem birbirleriyle tan\u0131\u015fma f\u0131rsat\u0131 buldu hem de Salihli\u2019nin do\u011fal ve tarihi g\u00fczelliklerini yak\u0131ndan tan\u0131d\u0131. Program kapsam\u0131nda \u00f6\u011frenciler, il\u00e7enin \u00f6nemli noktalar\u0131n\u0131 gezerek&#8230;<\/p>\n","protected":false},"author":1,"featured_media":63436,"comment_status":"open","ping_status":"open","sticky":false,"template":"","format":"standard","meta":{"_crdt_document":"","footnotes":""},"categories":[1],"tags":[],"class_list":["post-63435","post","type-post","status-publish","format-standard","has-post-thumbnail","hentry","category-guncel"],"_links":{"self":[{"href":"https:\/\/www.egemtv.com\/index.php?rest_route=\/wp\/v2\/posts\/63435","targetHints":{"allow":["GET"]}}],"collection":[{"href":"https:\/\/www.egemtv.com\/index.php?rest_route=\/wp\/v2\/posts"}],"about":[{"href":"https:\/\/www.egemtv.com\/index.php?rest_route=\/wp\/v2\/types\/post"}],"author":[{"embeddable":true,"href":"https:\/\/www.egemtv.com\/index.php?rest_route=\/wp\/v2\/users\/1"}],"replies":[{"embeddable":true,"href":"https:\/\/www.egemtv.com\/index.php?rest_route=%2Fwp%2Fv2%2Fcomments&post=63435"}],"version-history":[{"count":1,"href":"https:\/\/www.egemtv.com\/index.php?rest_route=\/wp\/v2\/posts\/63435\/revisions"}],"predecessor-version":[{"id":63437,"href":"https:\/\/www.egemtv.com\/index.php?rest_route=\/wp\/v2\/posts\/63435\/revisions\/63437"}],"wp:featuredmedia":[{"embeddable":true,"href":"https:\/\/www.egemtv.com\/index.php?rest_route=\/wp\/v2\/media\/63436"}],"wp:attachment":[{"href":"https:\/\/www.egemtv.com\/index.php?rest_route=%2Fwp%2Fv2%2Fmedia&parent=63435"}],"wp:term":[{"taxonomy":"category","embeddable":true,"href":"https:\/\/www.egemtv.com\/index.php?rest_route=%2Fwp%2Fv2%2Fcategories&post=63435"},{"taxonomy":"post_tag","embeddable":true,"href":"https:\/\/www.egemtv.com\/index.php?rest_route=%2Fwp%2Fv2%2Ftags&post=63435"}],"curies":[{"name":"wp","href":"https:\/\/api.w.org\/{rel}","templated":true}]}}