{"id":63432,"date":"2025-10-23T17:35:48","date_gmt":"2025-10-23T14:35:48","guid":{"rendered":"https:\/\/www.egemtv.com\/?p=63432"},"modified":"2025-10-23T17:35:49","modified_gmt":"2025-10-23T14:35:49","slug":"izmirde-24-yilla-aranan-firari-yakalandi","status":"publish","type":"post","link":"https:\/\/www.egemtv.com\/?p=63432","title":{"rendered":"\u0130zmir\u2019de 24 y\u0131lla aranan firari yakaland\u0131"},"content":{"rendered":"<p>\u0130zmir\u2019de hakk\u0131nda 24 y\u0131l 7 ay kesinle\u015fmi\u015f hapis cezas\u0131 ile aranan firari \u015fah\u0131s, polis ekiplerince yakalan\u0131p cezaevine g\u00f6nderildi.<br \/>\n<br \/>\u0130l Emniyet M\u00fcd\u00fcrl\u00fc\u011f\u00fcne ba\u011fl\u0131 Asayi\u015f \u015eube M\u00fcd\u00fcrl\u00fc\u011f\u00fc G\u00fcven Timleri durumundan \u015f\u00fcphelendikleri \u015fahs\u0131 durdurdu.  \u015e\u00fcphelinin \u2018silahl\u0131 ya\u011fma\u2019 su\u00e7undan 24 y\u0131l 7 ay kesinle\u015fmi\u015f hapis cezas\u0131yla aranan F.\u0130. oldu\u011fu belirlendi. Ekipler taraf\u0131ndan g\u00f6zalt\u0131na al\u0131nan F.\u0130., emniyetteki i\u015flemlerin ard\u0131ndan sevk edildi\u011fi adli mercilerce cezaevine g\u00f6nderildi.<br \/><\/p>\n","protected":false},"excerpt":{"rendered":"<p>\u0130zmir\u2019de hakk\u0131nda 24 y\u0131l 7 ay kesinle\u015fmi\u015f hapis cezas\u0131 ile aranan firari \u015fah\u0131s, polis ekiplerince yakalan\u0131p cezaevine g\u00f6nderildi. \u0130l Emniyet M\u00fcd\u00fcrl\u00fc\u011f\u00fcne ba\u011fl\u0131 Asayi\u015f \u015eube M\u00fcd\u00fcrl\u00fc\u011f\u00fc G\u00fcven Timleri durumundan \u015f\u00fcphelendikleri \u015fahs\u0131 durdurdu. \u015e\u00fcphelinin \u2018silahl\u0131 ya\u011fma\u2019 su\u00e7undan 24 y\u0131l 7 ay kesinle\u015fmi\u015f hapis cezas\u0131yla aranan F.\u0130. oldu\u011fu belirlendi. Ekipler taraf\u0131ndan g\u00f6zalt\u0131na al\u0131nan F.\u0130., emniyetteki i\u015flemlerin ard\u0131ndan sevk&#8230;<\/p>\n","protected":false},"author":1,"featured_media":63433,"comment_status":"open","ping_status":"open","sticky":false,"template":"","format":"standard","meta":{"_crdt_document":"","footnotes":""},"categories":[5],"tags":[],"class_list":["post-63432","post","type-post","status-publish","format-standard","has-post-thumbnail","hentry","category-asayis"],"_links":{"self":[{"href":"https:\/\/www.egemtv.com\/index.php?rest_route=\/wp\/v2\/posts\/63432","targetHints":{"allow":["GET"]}}],"collection":[{"href":"https:\/\/www.egemtv.com\/index.php?rest_route=\/wp\/v2\/posts"}],"about":[{"href":"https:\/\/www.egemtv.com\/index.php?rest_route=\/wp\/v2\/types\/post"}],"author":[{"embeddable":true,"href":"https:\/\/www.egemtv.com\/index.php?rest_route=\/wp\/v2\/users\/1"}],"replies":[{"embeddable":true,"href":"https:\/\/www.egemtv.com\/index.php?rest_route=%2Fwp%2Fv2%2Fcomments&post=63432"}],"version-history":[{"count":1,"href":"https:\/\/www.egemtv.com\/index.php?rest_route=\/wp\/v2\/posts\/63432\/revisions"}],"predecessor-version":[{"id":63434,"href":"https:\/\/www.egemtv.com\/index.php?rest_route=\/wp\/v2\/posts\/63432\/revisions\/63434"}],"wp:featuredmedia":[{"embeddable":true,"href":"https:\/\/www.egemtv.com\/index.php?rest_route=\/wp\/v2\/media\/63433"}],"wp:attachment":[{"href":"https:\/\/www.egemtv.com\/index.php?rest_route=%2Fwp%2Fv2%2Fmedia&parent=63432"}],"wp:term":[{"taxonomy":"category","embeddable":true,"href":"https:\/\/www.egemtv.com\/index.php?rest_route=%2Fwp%2Fv2%2Fcategories&post=63432"},{"taxonomy":"post_tag","embeddable":true,"href":"https:\/\/www.egemtv.com\/index.php?rest_route=%2Fwp%2Fv2%2Ftags&post=63432"}],"curies":[{"name":"wp","href":"https:\/\/api.w.org\/{rel}","templated":true}]}}