{"id":6343,"date":"2025-01-10T13:11:02","date_gmt":"2025-01-10T10:11:02","guid":{"rendered":"https:\/\/www.egemtv.com\/?p=6343"},"modified":"2025-01-10T13:11:08","modified_gmt":"2025-01-10T10:11:08","slug":"yenipazar-kaymakami-karatas-ogrencilerle-bir-araya-geldi","status":"publish","type":"post","link":"https:\/\/www.egemtv.com\/?p=6343","title":{"rendered":"Yenipazar Kaymakam\u0131 Karata\u015f \u00f6\u011frencilerle bir araya geldi"},"content":{"rendered":"<p>Yenipazar Kaymakam\u0131 Murat Karata\u015f Hamzabali \u0130lkokulu ve Ortaokulu\u2019nu ziyaret ederek okul idarecileri, \u00f6\u011fretmen ve \u00f6\u011frencilerle bir araya geldi.<\/p>\n<p>Yenipazar Kaymakam\u0131 Murat Karata\u015f il\u00e7edeki e\u011fitim kurumlar\u0131n\u0131 ziyaret etmeye devam ediyor. Son olarak Hamzabali \u0130lkokulu ve Ortaokulu\u2019nu ziyaret eden Kaymakam Karata\u015f, okul y\u00f6netimi ve \u00f6\u011fretmenlerle bir araya gelerek okulda y\u00fcr\u00fct\u00fclen e\u011fitim faaliyetleri hakk\u0131nda bilgi ald\u0131. Ziyaret s\u0131ras\u0131nda okulun fiziki \u015fartlar\u0131, e\u011fitim \u00f6\u011fretim s\u00fcre\u00e7leri ve \u00f6\u011frencilerin genel durumu hakk\u0131nda de\u011ferlendirmeler yap\u0131ld\u0131. Okul \u00f6\u011frencileriyle de bir araya gelen Kaymakam Karata\u015f, \u00f6\u011frencilere ba\u015far\u0131lar dileyerek e\u011fitimlerinin \u00f6nemine vurgu yapt\u0131. Kaymakam Karata\u015f, e\u011fitimdeki ba\u015far\u0131y\u0131 art\u0131rmak ad\u0131na e\u011fitim kurumlar\u0131na her t\u00fcrl\u00fc deste\u011fin s\u00fcrece\u011fini belirtti.<br \/>\n<br \/><img fetchpriority=\"high\" decoding=\"async\" width=\"1280\" height=\"1280\" src=\"https:\/\/www.egemtv.com\/wp-content\/uploads\/2025\/01\/yenipazar-kaymakami-karatas-ogrencilerle-bir-araya-geldi_22ff8ce50d48.jpg\" class=\"attachment-full size-full not-transparent\" alt=\"\" data-has-transparency=\"false\" data-dominant-color=\"716d6b\" style=\"--dominant-color: #716d6b\" \/><img decoding=\"async\" width=\"1280\" height=\"1280\" src=\"https:\/\/www.egemtv.com\/wp-content\/uploads\/2025\/01\/yenipazar-kaymakami-karatas-ogrencilerle-bir-araya-geldi_2f4522831eff.jpg\" class=\"attachment-full size-full not-transparent\" alt=\"\" data-has-transparency=\"false\" data-dominant-color=\"817c7b\" style=\"--dominant-color: #817c7b\" \/><\/p>\n","protected":false},"excerpt":{"rendered":"<p>Yenipazar Kaymakam\u0131 Murat Karata\u015f Hamzabali \u0130lkokulu ve Ortaokulu\u2019nu ziyaret ederek okul idarecileri, \u00f6\u011fretmen ve \u00f6\u011frencilerle bir araya geldi. Yenipazar Kaymakam\u0131 Murat Karata\u015f il\u00e7edeki e\u011fitim kurumlar\u0131n\u0131 ziyaret etmeye devam ediyor. Son olarak Hamzabali \u0130lkokulu ve Ortaokulu\u2019nu ziyaret eden Kaymakam Karata\u015f, okul y\u00f6netimi ve \u00f6\u011fretmenlerle bir araya gelerek okulda y\u00fcr\u00fct\u00fclen e\u011fitim faaliyetleri hakk\u0131nda bilgi ald\u0131. Ziyaret s\u0131ras\u0131nda&#8230;<\/p>\n","protected":false},"author":1,"featured_media":6344,"comment_status":"open","ping_status":"open","sticky":false,"template":"","format":"standard","meta":{"_crdt_document":"","footnotes":""},"categories":[1],"tags":[],"class_list":["post-6343","post","type-post","status-publish","format-standard","has-post-thumbnail","hentry","category-guncel"],"_links":{"self":[{"href":"https:\/\/www.egemtv.com\/index.php?rest_route=\/wp\/v2\/posts\/6343","targetHints":{"allow":["GET"]}}],"collection":[{"href":"https:\/\/www.egemtv.com\/index.php?rest_route=\/wp\/v2\/posts"}],"about":[{"href":"https:\/\/www.egemtv.com\/index.php?rest_route=\/wp\/v2\/types\/post"}],"author":[{"embeddable":true,"href":"https:\/\/www.egemtv.com\/index.php?rest_route=\/wp\/v2\/users\/1"}],"replies":[{"embeddable":true,"href":"https:\/\/www.egemtv.com\/index.php?rest_route=%2Fwp%2Fv2%2Fcomments&post=6343"}],"version-history":[{"count":1,"href":"https:\/\/www.egemtv.com\/index.php?rest_route=\/wp\/v2\/posts\/6343\/revisions"}],"predecessor-version":[{"id":6347,"href":"https:\/\/www.egemtv.com\/index.php?rest_route=\/wp\/v2\/posts\/6343\/revisions\/6347"}],"wp:featuredmedia":[{"embeddable":true,"href":"https:\/\/www.egemtv.com\/index.php?rest_route=\/wp\/v2\/media\/6344"}],"wp:attachment":[{"href":"https:\/\/www.egemtv.com\/index.php?rest_route=%2Fwp%2Fv2%2Fmedia&parent=6343"}],"wp:term":[{"taxonomy":"category","embeddable":true,"href":"https:\/\/www.egemtv.com\/index.php?rest_route=%2Fwp%2Fv2%2Fcategories&post=6343"},{"taxonomy":"post_tag","embeddable":true,"href":"https:\/\/www.egemtv.com\/index.php?rest_route=%2Fwp%2Fv2%2Ftags&post=6343"}],"curies":[{"name":"wp","href":"https:\/\/api.w.org\/{rel}","templated":true}]}}