{"id":63429,"date":"2025-10-23T17:35:44","date_gmt":"2025-10-23T14:35:44","guid":{"rendered":"https:\/\/www.egemtv.com\/?p=63429"},"modified":"2025-10-23T17:35:47","modified_gmt":"2025-10-23T14:35:47","slug":"bayraklida-siddetli-yagis-taskinlara-sebep-oldu","status":"publish","type":"post","link":"https:\/\/www.egemtv.com\/?p=63429","title":{"rendered":"Bayrakl\u0131\u2019da \u015fiddetli ya\u011f\u0131\u015f ta\u015fk\u0131nlara sebep oldu"},"content":{"rendered":"<p>\u0130zmir\u2019de etkili olan sa\u011fanak ya\u011f\u0131\u015f sebebiyle Bayrakl\u0131 il\u00e7esinde bir\u00e7ok b\u00f6lgede su ta\u015fk\u0131nlar\u0131 oldu, r\u00f6garlar ta\u015f\u0131nca yollar adeta g\u00f6le d\u00f6nd\u00fc.<br \/>\n<br \/>Meteoroloji \u0130zmir B\u00f6lge M\u00fcd\u00fcrl\u00fc\u011f\u00fc\u2019n\u00fcn d\u00fcn yapt\u0131\u011f\u0131 ya\u011f\u0131\u015f uyar\u0131s\u0131 \u00fczerine beklenen ya\u011fmur \u00f6\u011fleye do\u011fru k\u0131y\u0131 il\u00e7elerinden etkisini g\u00f6stermeye ba\u015flad\u0131. \u00d6zellikle \u0130zmir\u2019in kuzeyinde \u015fiddetini art\u0131ran ya\u011f\u0131\u015f hayat\u0131 olumsuz etkiledi. Bardaktan bo\u015fal\u0131rcas\u0131na ya\u011fan ya\u011fmur sebebiyle vatanda\u015flar kapal\u0131 alanlara s\u0131\u011f\u0131n\u0131rken, ya\u011fmur sular\u0131 bir s\u00fcre sonra ta\u015fk\u0131nlara d\u00f6n\u00fc\u015ft\u00fc. R\u00f6garlar\u0131n da ta\u015fmas\u0131yla Bayrakl\u0131 il\u00e7esindeki cadde ve sokaklar kullan\u0131lamaz hale geldi. Kent sakinleri, meteorolojinin uyar\u0131lar\u0131na ra\u011fmen tedbir alamayan Bayrakl\u0131 Belediyesi\u2019ne tepki g\u00f6sterdi.<\/p>\n<p>&#8220;25 senedir CHP y\u00f6netimindeyiz ama sonu\u00e7 de\u011fi\u015fmiyor&#8221;<br \/>\n<br \/>Yollarda ya\u015fan su ta\u015fk\u0131nlar\u0131ndan dolay\u0131 y\u00fcr\u00fcmekte g\u00fc\u00e7l\u00fck \u00e7ekti\u011fini belirten mahalle sakini Mustafa Aras, &#8220;Normalde d\u0131\u015far\u0131ya baksan\u0131z, \u0131slanacak bir ya\u011fmur yok ama burada altyap\u0131 hi\u00e7 yap\u0131lmad\u0131\u011f\u0131 i\u00e7in y\u0131llard\u0131r ayn\u0131 sorunu ya\u015f\u0131yoruz. Ya\u011fmur biraz daha \u015fiddetli olursa buradan ge\u00e7ilemiyor. La\u011f\u0131m da patlam\u0131\u015f, g\u00f6r\u00fcyorsunuz pis bir koku var. Ancak mahalle bu durumda ve yetkililer bir t\u00fcrl\u00fc rahats\u0131z olmuyor. Ne belediye burada, ne de bir muhtar\u0131m\u0131z var; hi\u00e7 kimse ilgilenmiyor. Buras\u0131 \u0130zmir Bayrakl\u0131 i\u015fte. G\u00f6rd\u00fc\u011f\u00fcn\u00fcz gibi Bayrakl\u0131\u2019n\u0131n her yeri ayn\u0131 durumda. Bu sorun sadece bir mahalleye ait de\u011fil, b\u00fct\u00fcn mahalleleri gezin, her yerde ayn\u0131 pisli\u011fi g\u00f6r\u00fcrs\u00fcn\u00fcz. Ya\u011fmur biraz daha \u015fiddetli oldu\u011funda la\u011f\u0131m\u0131 d\u0131\u015far\u0131da g\u00f6receksiniz, kanalizasyonlarda de\u011fil, caddelerde la\u011f\u0131m birikiyor. Ancak buna y\u0131llard\u0131r bir \u00e7are bulunam\u0131yor. 25 senedir CHP y\u00f6netimindeyiz ama sonu\u00e7 de\u011fi\u015fmiyor&#8221; dedi.<br \/>\n<br \/>Caddedeki kum birikintilerinden dolay\u0131 evine ula\u015fmakta zorland\u0131\u011f\u0131 aktaran vatanda\u015f \u0130brahim Semen; Belediyenin do\u011fru d\u00fczg\u00fcn \u00e7al\u0131\u015fmad\u0131\u011f\u0131n\u0131 belirterek, \u0130zmir\u2019in bu \u015fekildi olmas\u0131n\u0131n \u015fa\u015f\u0131rt\u0131c\u0131 bir durum oldu\u011funu s\u00f6yledi.<br \/><\/p>\n","protected":false},"excerpt":{"rendered":"<p>\u0130zmir\u2019de etkili olan sa\u011fanak ya\u011f\u0131\u015f sebebiyle Bayrakl\u0131 il\u00e7esinde bir\u00e7ok b\u00f6lgede su ta\u015fk\u0131nlar\u0131 oldu, r\u00f6garlar ta\u015f\u0131nca yollar adeta g\u00f6le d\u00f6nd\u00fc. Meteoroloji \u0130zmir B\u00f6lge M\u00fcd\u00fcrl\u00fc\u011f\u00fc\u2019n\u00fcn d\u00fcn yapt\u0131\u011f\u0131 ya\u011f\u0131\u015f uyar\u0131s\u0131 \u00fczerine beklenen ya\u011fmur \u00f6\u011fleye do\u011fru k\u0131y\u0131 il\u00e7elerinden etkisini g\u00f6stermeye ba\u015flad\u0131. \u00d6zellikle \u0130zmir\u2019in kuzeyinde \u015fiddetini art\u0131ran ya\u011f\u0131\u015f hayat\u0131 olumsuz etkiledi. Bardaktan bo\u015fal\u0131rcas\u0131na ya\u011fan ya\u011fmur sebebiyle vatanda\u015flar kapal\u0131 alanlara s\u0131\u011f\u0131n\u0131rken,&#8230;<\/p>\n","protected":false},"author":1,"featured_media":63430,"comment_status":"open","ping_status":"open","sticky":false,"template":"","format":"standard","meta":{"_crdt_document":"","footnotes":""},"categories":[1],"tags":[],"class_list":["post-63429","post","type-post","status-publish","format-standard","has-post-thumbnail","hentry","category-guncel"],"_links":{"self":[{"href":"https:\/\/www.egemtv.com\/index.php?rest_route=\/wp\/v2\/posts\/63429","targetHints":{"allow":["GET"]}}],"collection":[{"href":"https:\/\/www.egemtv.com\/index.php?rest_route=\/wp\/v2\/posts"}],"about":[{"href":"https:\/\/www.egemtv.com\/index.php?rest_route=\/wp\/v2\/types\/post"}],"author":[{"embeddable":true,"href":"https:\/\/www.egemtv.com\/index.php?rest_route=\/wp\/v2\/users\/1"}],"replies":[{"embeddable":true,"href":"https:\/\/www.egemtv.com\/index.php?rest_route=%2Fwp%2Fv2%2Fcomments&post=63429"}],"version-history":[{"count":1,"href":"https:\/\/www.egemtv.com\/index.php?rest_route=\/wp\/v2\/posts\/63429\/revisions"}],"predecessor-version":[{"id":63431,"href":"https:\/\/www.egemtv.com\/index.php?rest_route=\/wp\/v2\/posts\/63429\/revisions\/63431"}],"wp:featuredmedia":[{"embeddable":true,"href":"https:\/\/www.egemtv.com\/index.php?rest_route=\/wp\/v2\/media\/63430"}],"wp:attachment":[{"href":"https:\/\/www.egemtv.com\/index.php?rest_route=%2Fwp%2Fv2%2Fmedia&parent=63429"}],"wp:term":[{"taxonomy":"category","embeddable":true,"href":"https:\/\/www.egemtv.com\/index.php?rest_route=%2Fwp%2Fv2%2Fcategories&post=63429"},{"taxonomy":"post_tag","embeddable":true,"href":"https:\/\/www.egemtv.com\/index.php?rest_route=%2Fwp%2Fv2%2Ftags&post=63429"}],"curies":[{"name":"wp","href":"https:\/\/api.w.org\/{rel}","templated":true}]}}