{"id":63426,"date":"2025-10-23T17:15:57","date_gmt":"2025-10-23T14:15:57","guid":{"rendered":"https:\/\/www.egemtv.com\/?p=63426"},"modified":"2025-10-23T17:15:58","modified_gmt":"2025-10-23T14:15:58","slug":"aydinda-pamuk-tarlalarini-dolu-vurdu","status":"publish","type":"post","link":"https:\/\/www.egemtv.com\/?p=63426","title":{"rendered":"Ayd\u0131n\u2019da pamuk tarlalar\u0131n\u0131 dolu vurdu"},"content":{"rendered":"<p>Ayd\u0131n\u2019\u0131n \u0130ncirliova il\u00e7esinde d\u00fcn etkili olan dolu ya\u011f\u0131\u015f\u0131, pamuk tarlalar\u0131nda zarara yol a\u00e7t\u0131.<br \/>\n<br \/>T\u00fcrkiye\u2019nin \u00f6nemli pamuk \u00fcretim merkezlerinden olan Ayd\u0131n\u2019\u0131n \u0130ncirliova il\u00e7esinde d\u00fcn ak\u015fam etkili olan dolu, pamuk tarlalar\u0131n\u0131 vurdu. Ayd\u0131n genelinde ya\u015fanan kurakl\u0131k nedeniyle zor \u015fartlar alt\u0131nda pamuk yeti\u015ftiren S\u0131n\u0131rteke Mahallesi \u00fcreticileri, hasat \u00f6ncesinde ya\u015fanan dolu ya\u011f\u0131\u015f\u0131 \u00fczd\u00fc. \u00dcr\u00fcnlerinin yakla\u015f\u0131k y\u00fczde 80\u2019ini kaybettiklerini s\u00f6yleyen pamuk \u00fcreticileri, zararlar\u0131n\u0131n kar\u015f\u0131lanmas\u0131 i\u00e7in \u0130l\u00e7e Tar\u0131m M\u00fcd\u00fcrl\u00fc\u011f\u00fcne ba\u015fvuru yapt\u0131klar\u0131n\u0131 belirtti.<\/p>\n<p>&#8220;Zorla yeti\u015ftirilen pamuk hasat edilemeyecek duruma geldi&#8221;<br \/>\n<br \/>\u0130ncirliova Ziraat Odas\u0131 Ba\u015fkan\u0131 Ali O\u011fuzhan \u00dclg\u00fcd\u00fcr, &#8220;S\u0131n\u0131rteke Mahallemizde \u00e7ok kuvvetli bir dolu ya\u011f\u0131\u015f\u0131 meydana geldi. Dolunun b\u00fcy\u00fckl\u00fc\u011f\u00fc neredeyse bir ceviz kadard\u0131. Onun i\u00e7in mahallemizde \u00e7ok b\u00fcy\u00fck bir zarar meydana geldi. S\u0131n\u0131rteke Mahallemizde 20 bin d\u00f6n\u00fcm civar\u0131nda tar\u0131m arazimiz mevcut. Bu arazinin yakla\u015f\u0131k 6 bin d\u00f6n\u00fcm\u00fc doludan ve ya\u011fmurdan etkilenmi\u015f durumda. \u00d6zellikle dolu ya\u011f\u0131\u015f\u0131 pamuklar\u0131n y\u00fczde 80\u2019ine zarar vermi\u015f, ancak \u00fczerinde y\u00fczde 20 civar\u0131nda pamuk kalan arazilerimiz var. Baz\u0131 arazilerimizde y\u00fczde 100 oran\u0131nda zarar var. Bu ayn\u0131 \u015fekilde yonca, m\u0131s\u0131r, zeytin gibi \u00fcr\u00fcnlerimizi de etkilemi\u015f vaziyette. \u00c7ift\u00e7imiz zaten zor zahmet bu \u00fcr\u00fcn\u00fc yeti\u015ftirmi\u015fti. Tam hasat yapaca\u011f\u0131 zamanda b\u00f6yle bir afetle kar\u015f\u0131la\u015f\u0131nca zaten zorla yeti\u015ftirmi\u015f oldu\u011fu \u00fcr\u00fcn\u00fc hi\u00e7 hasat edemeyecek duruma geldi&#8221; diye konu\u015ftu.<\/p>\n<p>&#8220;Her sene bin bir umutlarla topra\u011f\u0131m\u0131z\u0131 s\u00fcr\u00fcyoruz&#8221;<br \/>\n<br \/>Afetten dolay\u0131 ma\u011fdur olduklar\u0131n\u0131 ifade eden pamuk \u00fcreticisi Nihat Erdo\u011fdu, &#8220;200 dekar pamu\u011fumuz vard\u0131. Bunun yakla\u015f\u0131k 100 dekar\u0131n\u0131 hasat etmi\u015ftik. 100 dekar alan\u0131m\u0131z doludan, f\u0131rt\u0131nadan zarar g\u00f6rd\u00fc. Yani hasat edilemeyecek \u015fekle geldi. Bin bir emekle yeti\u015ftirdi\u011fimiz \u00fcr\u00fcnlerimizi hasat edemedik. Afetten dolay\u0131 ma\u011fdur olduk&#8221; dedi.<br \/>\n<br \/>Her y\u0131l umutlarla topraklar\u0131n\u0131 i\u015flediklerini ifade eden \u00fcretici \u00d6zcan Erdo\u011fdu, &#8220;Her sene bahar d\u00f6nemi geldi\u011finde i\u00e7imiz k\u0131p\u0131rd\u0131yor toprakla karn\u0131m\u0131z doydu\u011fu i\u00e7in. Her sene topra\u011f\u0131m\u0131z\u0131 s\u00fcr\u00fcyoruz bin bir umutlarla. Mahsullerimizi yeti\u015ftiriyoruz. Bu b\u00f6lgemizde aktarmal\u0131 sularla zor zahmetle mahsull\u00fcm\u00fcz\u00fc bu hale getirdik. \u015eu an mahsul\u00fcm\u00fcz\u00fcn geldi\u011fi durum bu&#8221; ifadelerini kulland\u0131.<br \/>\n<br \/>Selahattin G\u00fcmel ise, &#8220;150 d\u00f6n\u00fcm pamuk ektim ama b\u00fcy\u00fck umutlarla ekti\u011fimiz pamuk maalesef yerde kald\u0131&#8221; dedi.<br \/><\/p>\n","protected":false},"excerpt":{"rendered":"<p>Ayd\u0131n\u2019\u0131n \u0130ncirliova il\u00e7esinde d\u00fcn etkili olan dolu ya\u011f\u0131\u015f\u0131, pamuk tarlalar\u0131nda zarara yol a\u00e7t\u0131. T\u00fcrkiye\u2019nin \u00f6nemli pamuk \u00fcretim merkezlerinden olan Ayd\u0131n\u2019\u0131n \u0130ncirliova il\u00e7esinde d\u00fcn ak\u015fam etkili olan dolu, pamuk tarlalar\u0131n\u0131 vurdu. Ayd\u0131n genelinde ya\u015fanan kurakl\u0131k nedeniyle zor \u015fartlar alt\u0131nda pamuk yeti\u015ftiren S\u0131n\u0131rteke Mahallesi \u00fcreticileri, hasat \u00f6ncesinde ya\u015fanan dolu ya\u011f\u0131\u015f\u0131 \u00fczd\u00fc. \u00dcr\u00fcnlerinin yakla\u015f\u0131k y\u00fczde 80\u2019ini kaybettiklerini s\u00f6yleyen&#8230;<\/p>\n","protected":false},"author":1,"featured_media":63427,"comment_status":"open","ping_status":"open","sticky":false,"template":"","format":"standard","meta":{"_crdt_document":"","footnotes":""},"categories":[1],"tags":[],"class_list":["post-63426","post","type-post","status-publish","format-standard","has-post-thumbnail","hentry","category-guncel"],"_links":{"self":[{"href":"https:\/\/www.egemtv.com\/index.php?rest_route=\/wp\/v2\/posts\/63426","targetHints":{"allow":["GET"]}}],"collection":[{"href":"https:\/\/www.egemtv.com\/index.php?rest_route=\/wp\/v2\/posts"}],"about":[{"href":"https:\/\/www.egemtv.com\/index.php?rest_route=\/wp\/v2\/types\/post"}],"author":[{"embeddable":true,"href":"https:\/\/www.egemtv.com\/index.php?rest_route=\/wp\/v2\/users\/1"}],"replies":[{"embeddable":true,"href":"https:\/\/www.egemtv.com\/index.php?rest_route=%2Fwp%2Fv2%2Fcomments&post=63426"}],"version-history":[{"count":1,"href":"https:\/\/www.egemtv.com\/index.php?rest_route=\/wp\/v2\/posts\/63426\/revisions"}],"predecessor-version":[{"id":63428,"href":"https:\/\/www.egemtv.com\/index.php?rest_route=\/wp\/v2\/posts\/63426\/revisions\/63428"}],"wp:featuredmedia":[{"embeddable":true,"href":"https:\/\/www.egemtv.com\/index.php?rest_route=\/wp\/v2\/media\/63427"}],"wp:attachment":[{"href":"https:\/\/www.egemtv.com\/index.php?rest_route=%2Fwp%2Fv2%2Fmedia&parent=63426"}],"wp:term":[{"taxonomy":"category","embeddable":true,"href":"https:\/\/www.egemtv.com\/index.php?rest_route=%2Fwp%2Fv2%2Fcategories&post=63426"},{"taxonomy":"post_tag","embeddable":true,"href":"https:\/\/www.egemtv.com\/index.php?rest_route=%2Fwp%2Fv2%2Ftags&post=63426"}],"curies":[{"name":"wp","href":"https:\/\/api.w.org\/{rel}","templated":true}]}}