{"id":63423,"date":"2025-10-23T17:15:55","date_gmt":"2025-10-23T14:15:55","guid":{"rendered":"https:\/\/www.egemtv.com\/?p=63423"},"modified":"2025-10-23T17:15:56","modified_gmt":"2025-10-23T14:15:56","slug":"vali-akbiyik-cam-balinda-dunya-birincisiyiz","status":"publish","type":"post","link":"https:\/\/www.egemtv.com\/?p=63423","title":{"rendered":"Vali Akb\u0131y\u0131k: &#8220;\u00c7am bal\u0131nda d\u00fcnya birincisiyiz&#8221;"},"content":{"rendered":"<p>Mu\u011fla \u0130l Tar\u0131m ve Orman M\u00fcd\u00fcrl\u00fc\u011f\u00fc taraf\u0131ndan, b\u00f6lgenin en \u00f6nemli de\u011ferlerinden biri olan \u00e7am bal\u0131na dikkat \u00e7ekmek amac\u0131yla &#8220;Mu\u011fla\u2019n\u0131n Tad\u0131, \u00c7am Bal\u0131&#8221; slogan\u0131yla \u00c7am Bal\u0131 Hasat \u015eenli\u011fi d\u00fczenlendi. \u015eenlikte konu\u015fan Mu\u011fla Valisi \u0130dris Akb\u0131y\u0131k, &#8220;Bal \u00fcretiminde, karakovan bal\u0131 a\u00e7\u0131s\u0131ndan, T\u00fcrkiye\u2019de \u00fc\u00e7\u00fcnc\u00fc s\u0131raday\u0131z. \u00c7am bal\u0131nda birinci s\u0131raday\u0131z&#8221; dedi.<\/p>\n<p>Mu\u011fla Tar\u0131m ve Orman \u0130l M\u00fcd\u00fcr\u00fc Seyfettin Baydar, \u015fenli\u011fin a\u00e7\u0131l\u0131\u015f konu\u015fmas\u0131nda hasad\u0131n \u00f6nemine de\u011finerek, &#8220;Hasat dendi\u011fi de efendim, y\u00fczy\u0131llar boyunca \u00e7ift\u00e7inin eme\u011fi, al\u0131n teri, kazan\u00e7 ve ba\u015far\u0131lar\u0131n\u0131n per\u00e7inlenmesidir. Dolay\u0131s\u0131yla her hasat, asl\u0131nda hasad\u0131n sonunda \u015fenli\u011fi hak eden \u00f6zel bir seremonidir&#8221; dedi.<\/p>\n<p>Mente\u015fe Belediye Ba\u015fkan\u0131 K\u00f6ksal Aras: &#8220;D\u00fcnya \u00e7am bal\u0131n\u0131n y\u00fczde 80\u2019i Mu\u011fla\u2019da \u00fcretiliyor&#8221;<br \/>\n<br \/>Mente\u015fe Belediye Ba\u015fkan\u0131 Gonca K\u00f6ksal Aras, Mu\u011fla\u2019n\u0131n g\u00fczelliklerinin sadece tarihi ve koylarla s\u0131n\u0131rl\u0131 olmad\u0131\u011f\u0131n\u0131, \u00e7am ormanlar\u0131n\u0131n sundu\u011fu \u00e7am bal\u0131n\u0131n da \u00f6nemli bir hediye oldu\u011funu s\u00f6yledi. Aras, ar\u0131c\u0131l\u0131\u011f\u0131n sadece bir meslek de\u011fil, ayn\u0131 zamanda bir gelenek ve k\u00fclt\u00fcr\u00fcn ya\u015fat\u0131lmas\u0131 anlam\u0131na geldi\u011fini belirterek, &#8220;D\u00fcnyada \u00fcretilen \u00e7am bal\u0131n\u0131n yakla\u015f\u0131k y\u00fczde sekseni ilimizde \u00fcretiliyor, Mu\u011fla\u2019da \u00fcretiliyor&#8221; dedi. Ba\u015fkan Aras ayr\u0131ca, ar\u0131n\u0131n do\u011fan\u0131n s\u00fcreklili\u011fi ve ya\u015fam\u0131n ta kendisini temsil etti\u011fini vurgulayarak, yerel y\u00f6netimler olarak \u00fcreticinin yan\u0131nda olma sorumlulu\u011funu yerine getirdiklerini ifade etti.<\/p>\n<p>B\u00fcy\u00fck\u015fehir Belediye Ba\u015fkan\u0131 Aras: &#8220;Kooperatifle\u015fme \u00e7ok \u00f6nemli&#8221;<br \/>\n<br \/>Mu\u011fla B\u00fcy\u00fck\u015fehir Belediye Ba\u015fkan\u0131 Ahmet Aras, \u00fcreticinin yan\u0131nda olman\u0131n bir g\u00f6rev ve sorumluluk oldu\u011funu dile getirdi. \u00dcretimin zorluklar\u0131na dikkat \u00e7ekerek, kamu kurumlar\u0131 aras\u0131ndaki i\u015f birli\u011finin \u00f6nemini vurgulad\u0131. Ba\u015fkan Aras, \u00f6zellikle kooperatifle\u015fmenin gereklili\u011fine vurgu yaparak, &#8220;Kooperatifsel eliyle hem piyasa dengeleniyor, hem \u00fcreticinin \u00fcr\u00fcn\u00fc, de\u011ferini buluyor, hem de t\u00fcketici daha ucuza buna ula\u015fabiliyor. Bir kere kooperatifle\u015fme \u00f6nemli&#8221; dedi.<\/p>\n<p>B\u00fcy\u00fck\u015fehir Belediyesi olarak ar\u0131c\u0131l\u0131\u011fa verdikleri destekleri s\u0131ralayan Aras, \u015funlar\u0131 kaydetti: &#8220;Ar\u0131c\u0131l\u0131k e\u011fitimleri, ana ar\u0131 ve ar\u0131 s\u00fct\u00fc e\u011fitimleri d\u00fczenleniyor. Eksik Bebek Projesi ile ar\u0131c\u0131lar\u0131n kabart\u0131lm\u0131\u015f petekleri -30 derecede so\u011futularak g\u00fcveye kar\u015f\u0131 m\u00fccadele ediliyor. Orman yang\u0131nlar\u0131ndan etkilenen \u00fcreticilere malzeme deste\u011fi sa\u011flan\u0131yor. \u0130hale a\u015famas\u0131nda olan bal fidan\u0131 \u00fcretim sergisi projesi bulunuyor. Ticaret Borsas\u0131 ile kurulan Bal Analiz Laboratuvar\u0131\u2019nda balda kalite ve kal\u0131nt\u0131 analizi yap\u0131larak standartla\u015fma hedefleniyor&#8221;<\/p>\n<p>Vali Akb\u0131y\u0131k: &#8220;\u00c7am bal\u0131nda d\u00fcnya birincisiyiz&#8221;<br \/>\n<br \/>Mu\u011fla Valisi Dr. \u0130dris Akb\u0131y\u0131k, Mu\u011fla\u2019n\u0131n &#8220;ta\u015f\u0131 topra\u011f\u0131 alt\u0131n&#8221; bir memleket oldu\u011funu belirterek, turizmin yan\u0131 s\u0131ra tar\u0131m ve ar\u0131c\u0131l\u0131kta da \u00e7ok \u00f6nemli bir konumda oldu\u011funu ifade etti. Vali Akb\u0131y\u0131k, Mu\u011fla\u2019n\u0131n orman varl\u0131\u011f\u0131na dikkat \u00e7ekerek orman yang\u0131nlar\u0131n\u0131n ar\u0131c\u0131l\u0131k \u00fczerindeki olumsuz etkilerine de\u011finerek, 2021 yang\u0131nlar\u0131nda \u00fcretimin 30 bin tondan 15 bin tona d\u00fc\u015ft\u00fc\u011f\u00fcn\u00fc hat\u0131rlatt\u0131 ve bu sene ormanlar\u0131 korumak ad\u0131na t\u00fcm kurumlar\u0131n seferber oldu\u011funu s\u00f6yledi.<\/p>\n<p>Vali Akb\u0131y\u0131k, Mu\u011fla\u2019n\u0131n ar\u0131c\u0131l\u0131ktaki konumunu rakamlarla tescilleyerek, &#8220;Bal \u00fcretiminde, karakovan bal\u0131 a\u00e7\u0131s\u0131ndan, T\u00fcrkiye\u2019de \u00fc\u00e7\u00fcnc\u00fc s\u0131raday\u0131z. \u00c7am bal\u0131nda birinci s\u0131raday\u0131z. T\u00fcrkiye\u2019deki \u00e7am bal\u0131 \u00fcretiminin y\u00fczde seksen be\u015fini, d\u00fcnyada da T\u00fcrkiye olarak birinci s\u0131raday\u0131z. \u00c7am bal\u0131 \u00fcretiminde, bunun da b\u00fcy\u00fck bir k\u0131sm\u0131n\u0131 Mu\u011fla sa\u011fl\u0131yor&#8221; dedi.<\/p>\n<p>Vali, ar\u0131c\u0131l\u0131\u011f\u0131n katma de\u011ferini art\u0131rmak amac\u0131yla 2022 y\u0131l\u0131nda ba\u015flat\u0131lan Apiterapi Arge ve \u0130novasyon Projesi hakk\u0131nda bilgi vererek, bir \u015firket kuruldu\u011funu ve Ticaret Borsas\u0131 Ba\u015fkanl\u0131\u011f\u0131nda yak\u0131nda seri \u00fcretime ba\u015flanaca\u011f\u0131n\u0131 a\u00e7\u0131klad\u0131. Ayr\u0131ca, Mu\u011fla\u2019n\u0131n de\u011ferlerini tan\u0131tmak amac\u0131yla 2 y\u0131lda bir Uluslararas\u0131 Ar\u0131c\u0131l\u0131k Kongresi d\u00fczenlendi\u011fini hat\u0131rlatt\u0131. Vali Akb\u0131y\u0131k, Mu\u011fla\u2019n\u0131n \u00e7am bal\u0131 ile beraber su \u00fcr\u00fcnleri, narenciye ve susam gibi pek \u00e7ok \u00fcr\u00fcnde ilk s\u0131ralarda yer ald\u0131\u011f\u0131n\u0131 s\u00f6zlerine ekledi.<br \/><\/p>\n","protected":false},"excerpt":{"rendered":"<p>Mu\u011fla \u0130l Tar\u0131m ve Orman M\u00fcd\u00fcrl\u00fc\u011f\u00fc taraf\u0131ndan, b\u00f6lgenin en \u00f6nemli de\u011ferlerinden biri olan \u00e7am bal\u0131na dikkat \u00e7ekmek amac\u0131yla &#8220;Mu\u011fla\u2019n\u0131n Tad\u0131, \u00c7am Bal\u0131&#8221; slogan\u0131yla \u00c7am Bal\u0131 Hasat \u015eenli\u011fi d\u00fczenlendi. \u015eenlikte konu\u015fan Mu\u011fla Valisi \u0130dris Akb\u0131y\u0131k, &#8220;Bal \u00fcretiminde, karakovan bal\u0131 a\u00e7\u0131s\u0131ndan, T\u00fcrkiye\u2019de \u00fc\u00e7\u00fcnc\u00fc s\u0131raday\u0131z. \u00c7am bal\u0131nda birinci s\u0131raday\u0131z&#8221; dedi. Mu\u011fla Tar\u0131m ve Orman \u0130l M\u00fcd\u00fcr\u00fc Seyfettin Baydar,&#8230;<\/p>\n","protected":false},"author":1,"featured_media":63424,"comment_status":"open","ping_status":"open","sticky":false,"template":"","format":"standard","meta":{"_crdt_document":"","footnotes":""},"categories":[1],"tags":[],"class_list":["post-63423","post","type-post","status-publish","format-standard","has-post-thumbnail","hentry","category-guncel"],"_links":{"self":[{"href":"https:\/\/www.egemtv.com\/index.php?rest_route=\/wp\/v2\/posts\/63423","targetHints":{"allow":["GET"]}}],"collection":[{"href":"https:\/\/www.egemtv.com\/index.php?rest_route=\/wp\/v2\/posts"}],"about":[{"href":"https:\/\/www.egemtv.com\/index.php?rest_route=\/wp\/v2\/types\/post"}],"author":[{"embeddable":true,"href":"https:\/\/www.egemtv.com\/index.php?rest_route=\/wp\/v2\/users\/1"}],"replies":[{"embeddable":true,"href":"https:\/\/www.egemtv.com\/index.php?rest_route=%2Fwp%2Fv2%2Fcomments&post=63423"}],"version-history":[{"count":1,"href":"https:\/\/www.egemtv.com\/index.php?rest_route=\/wp\/v2\/posts\/63423\/revisions"}],"predecessor-version":[{"id":63425,"href":"https:\/\/www.egemtv.com\/index.php?rest_route=\/wp\/v2\/posts\/63423\/revisions\/63425"}],"wp:featuredmedia":[{"embeddable":true,"href":"https:\/\/www.egemtv.com\/index.php?rest_route=\/wp\/v2\/media\/63424"}],"wp:attachment":[{"href":"https:\/\/www.egemtv.com\/index.php?rest_route=%2Fwp%2Fv2%2Fmedia&parent=63423"}],"wp:term":[{"taxonomy":"category","embeddable":true,"href":"https:\/\/www.egemtv.com\/index.php?rest_route=%2Fwp%2Fv2%2Fcategories&post=63423"},{"taxonomy":"post_tag","embeddable":true,"href":"https:\/\/www.egemtv.com\/index.php?rest_route=%2Fwp%2Fv2%2Ftags&post=63423"}],"curies":[{"name":"wp","href":"https:\/\/api.w.org\/{rel}","templated":true}]}}