{"id":63420,"date":"2025-10-23T16:54:53","date_gmt":"2025-10-23T13:54:53","guid":{"rendered":"https:\/\/www.egemtv.com\/?p=63420"},"modified":"2025-10-23T16:54:54","modified_gmt":"2025-10-23T13:54:54","slug":"aydinin-batisina-kuvvetli-yagis-uyarisi","status":"publish","type":"post","link":"https:\/\/www.egemtv.com\/?p=63420","title":{"rendered":"Ayd\u0131n\u2019\u0131n bat\u0131s\u0131na kuvvetli ya\u011f\u0131\u015f uyar\u0131s\u0131"},"content":{"rendered":"<p>Aral\u0131klarla devam eden ya\u011f\u0131\u015flar\u0131n Ayd\u0131n\u2019\u0131n bat\u0131s\u0131nda bu gece saatlerine kadar etkili olmas\u0131 bekleniyor.<br \/>\n<br \/>Meteoroloji verilerine g\u00f6re, &#8221; Yap\u0131lan son de\u011ferlendirmelere ve meteoroloji radar\u0131ndan al\u0131nan verilere g\u00f6re, halen devam etmekte olan sa\u011fanak ve g\u00f6k g\u00fcr\u00fclt\u00fcl\u00fc sa\u011fanak ya\u011f\u0131\u015flar\u0131n Ayd\u0131n\u2019\u0131n bat\u0131 il\u00e7elerinde yerel kuvvetli (21-50 kg\/m2) olaca\u011f\u0131 tahmin ediliyor&#8221; denildi.<br \/><\/p>\n","protected":false},"excerpt":{"rendered":"<p>Aral\u0131klarla devam eden ya\u011f\u0131\u015flar\u0131n Ayd\u0131n\u2019\u0131n bat\u0131s\u0131nda bu gece saatlerine kadar etkili olmas\u0131 bekleniyor. Meteoroloji verilerine g\u00f6re, &#8221; Yap\u0131lan son de\u011ferlendirmelere ve meteoroloji radar\u0131ndan al\u0131nan verilere g\u00f6re, halen devam etmekte olan sa\u011fanak ve g\u00f6k g\u00fcr\u00fclt\u00fcl\u00fc sa\u011fanak ya\u011f\u0131\u015flar\u0131n Ayd\u0131n\u2019\u0131n bat\u0131 il\u00e7elerinde yerel kuvvetli (21-50 kg\/m2) olaca\u011f\u0131 tahmin ediliyor&#8221; denildi.<\/p>\n","protected":false},"author":1,"featured_media":63421,"comment_status":"open","ping_status":"open","sticky":false,"template":"","format":"standard","meta":{"_crdt_document":"","footnotes":""},"categories":[5],"tags":[],"class_list":["post-63420","post","type-post","status-publish","format-standard","has-post-thumbnail","hentry","category-asayis"],"_links":{"self":[{"href":"https:\/\/www.egemtv.com\/index.php?rest_route=\/wp\/v2\/posts\/63420","targetHints":{"allow":["GET"]}}],"collection":[{"href":"https:\/\/www.egemtv.com\/index.php?rest_route=\/wp\/v2\/posts"}],"about":[{"href":"https:\/\/www.egemtv.com\/index.php?rest_route=\/wp\/v2\/types\/post"}],"author":[{"embeddable":true,"href":"https:\/\/www.egemtv.com\/index.php?rest_route=\/wp\/v2\/users\/1"}],"replies":[{"embeddable":true,"href":"https:\/\/www.egemtv.com\/index.php?rest_route=%2Fwp%2Fv2%2Fcomments&post=63420"}],"version-history":[{"count":1,"href":"https:\/\/www.egemtv.com\/index.php?rest_route=\/wp\/v2\/posts\/63420\/revisions"}],"predecessor-version":[{"id":63422,"href":"https:\/\/www.egemtv.com\/index.php?rest_route=\/wp\/v2\/posts\/63420\/revisions\/63422"}],"wp:featuredmedia":[{"embeddable":true,"href":"https:\/\/www.egemtv.com\/index.php?rest_route=\/wp\/v2\/media\/63421"}],"wp:attachment":[{"href":"https:\/\/www.egemtv.com\/index.php?rest_route=%2Fwp%2Fv2%2Fmedia&parent=63420"}],"wp:term":[{"taxonomy":"category","embeddable":true,"href":"https:\/\/www.egemtv.com\/index.php?rest_route=%2Fwp%2Fv2%2Fcategories&post=63420"},{"taxonomy":"post_tag","embeddable":true,"href":"https:\/\/www.egemtv.com\/index.php?rest_route=%2Fwp%2Fv2%2Ftags&post=63420"}],"curies":[{"name":"wp","href":"https:\/\/api.w.org\/{rel}","templated":true}]}}